{"id":6909,"date":"2018-12-21T15:29:12","date_gmt":"2018-12-21T14:29:12","guid":{"rendered":"http:\/\/mitue.de\/?p=6909"},"modified":"2022-01-01T17:14:41","modified_gmt":"2022-01-01T16:14:41","slug":"skulpturenpfad-koenigs-wusterhausen","status":"publish","type":"post","link":"https:\/\/mitue.de\/?p=6909","title":{"rendered":"Skulpturenpfad K\u00f6nigs Wusterhausen"},"content":{"rendered":"<p><a href=\"https:\/\/www.flickr.com\/photos\/mitue\/45683549134\/in\/dateposted\/\" title=\"Kirchsteig\"><img loading=\"lazy\" decoding=\"async\" src=\"https:\/\/farm5.staticflickr.com\/4866\/45683549134_12e0752a92.jpg\" width=\"500\" height=\"375\" alt=\"Kirchsteig\"><\/a><\/p>\n<p align=\"justify\"><a href=\"https:\/\/www.koenigs-wusterhausen.de\/888826\/Ein-Fischer-und-ein-Kanufahrer-fuer-Holzskulpturen\">Ein Fischer und ein Kahnfahrer f\u00fcr den Skulpturenpfad <\/a><\/p>\n<p><a href=\"https:\/\/www.flickr.com\/photos\/mitue\/45683550484\/in\/photostream\/\" title=\"Fischer\"><img loading=\"lazy\" decoding=\"async\" src=\"https:\/\/farm5.staticflickr.com\/4913\/45683550484_66f7fe29d6.jpg\" width=\"500\" height=\"431\" alt=\"Fischer\"><\/a><\/p>\n<blockquote><p>Wat is \u2019n ditte? Ist dit \u2019ne Kettens\u00e4je? Seh\u2019ck jetz erst, staak, sa\u2019ck ma!\u00ab Das Marko\u2019sche Berlinern kam in Wellen, fiel H.R. auf, mit jedem neuen Gedankengang fing er von vorne an, die ersten paar W\u00f6rter waren in Hochdeutsch, dann ging das Berlinern los, es war ein Berlinerncrescendo gewisserma\u00dfen, das ist toll, dachte H.R., aber auf Dauer auch ganz sch\u00f6n nervig. \u00bbJa, die habe ich gerade gekauft.\u00ab \u00bbStark!\u00ab \u00bb4,8 kW!\u00ab \u00bbWas ist denn das in PS?\u00ab \u00bbKeine Ahnung.\u00ab \u00bbFr\u00fcher im Osten haben wir immer K\u00f6nigs Wusterhausen gemeint, wenn wir KW gesagt haben.<br \/>\n(Sven Regener in Wiener Stra\u00dfe)<\/p><\/blockquote>\n","protected":false},"excerpt":{"rendered":"<p>Ein Fischer und ein Kahnfahrer f\u00fcr den Skulpturenpfad Wat is \u2019n ditte? Ist dit \u2019ne Kettens\u00e4je? Seh\u2019ck jetz erst, staak, sa\u2019ck ma!\u00ab Das Marko\u2019sche Berlinern kam in Wellen, fiel H.R. auf, mit jedem neuen Gedankengang fing er von vorne an, die ersten paar W\u00f6rter waren in Hochdeutsch, dann ging das Berlinern los, es war ein [&hellip;]<\/p>\n","protected":false},"author":1,"featured_media":0,"comment_status":"open","ping_status":"closed","sticky":false,"template":"","format":"standard","meta":{"footnotes":""},"categories":[27],"tags":[659,730],"class_list":["post-6909","post","type-post","status-publish","format-standard","hentry","category-berliner-umgebung","tag-koenigs-wusterhausen","tag-skulpturenpfad"],"_links":{"self":[{"href":"https:\/\/mitue.de\/index.php?rest_route=\/wp\/v2\/posts\/6909","targetHints":{"allow":["GET"]}}],"collection":[{"href":"https:\/\/mitue.de\/index.php?rest_route=\/wp\/v2\/posts"}],"about":[{"href":"https:\/\/mitue.de\/index.php?rest_route=\/wp\/v2\/types\/post"}],"author":[{"embeddable":true,"href":"https:\/\/mitue.de\/index.php?rest_route=\/wp\/v2\/users\/1"}],"replies":[{"embeddable":true,"href":"https:\/\/mitue.de\/index.php?rest_route=%2Fwp%2Fv2%2Fcomments&post=6909"}],"version-history":[{"count":4,"href":"https:\/\/mitue.de\/index.php?rest_route=\/wp\/v2\/posts\/6909\/revisions"}],"predecessor-version":[{"id":6913,"href":"https:\/\/mitue.de\/index.php?rest_route=\/wp\/v2\/posts\/6909\/revisions\/6913"}],"wp:attachment":[{"href":"https:\/\/mitue.de\/index.php?rest_route=%2Fwp%2Fv2%2Fmedia&parent=6909"}],"wp:term":[{"taxonomy":"category","embeddable":true,"href":"https:\/\/mitue.de\/index.php?rest_route=%2Fwp%2Fv2%2Fcategories&post=6909"},{"taxonomy":"post_tag","embeddable":true,"href":"https:\/\/mitue.de\/index.php?rest_route=%2Fwp%2Fv2%2Ftags&post=6909"}],"curies":[{"name":"wp","href":"https:\/\/api.w.org\/{rel}","templated":true}]}}