{"id":6961,"date":"2019-01-31T16:06:23","date_gmt":"2019-01-31T15:06:23","guid":{"rendered":"http:\/\/mitue.de\/?p=6961"},"modified":"2019-01-31T16:06:23","modified_gmt":"2019-01-31T15:06:23","slug":"die-zweite-heimat","status":"publish","type":"post","link":"https:\/\/mitue.de\/?p=6961","title":{"rendered":"Die zweite Heimat"},"content":{"rendered":"<p align=\"justify\">Fotografien von <a href=\"http:\/\/www.bialobrzeski.de\/\">Peter Bialobrzeski<\/a> im <a href=\"http:\/\/www.fotografie-in.berlin\/haus-am-kleistpark-peter-bialobrzeski-the-second-home\/\">Haus am Kleistpark<\/a><\/p>\n<p><a href=\"https:\/\/www.flickr.com\/photos\/mitue\/46938722251\/in\/dateposted\/\" title=\"Die zweite Heimat\"><img loading=\"lazy\" decoding=\"async\" src=\"https:\/\/farm5.staticflickr.com\/4811\/46938722251_6418c25421.jpg\" width=\"500\" height=\"450\" alt=\"Die zweite Heimat\"><\/a><\/p>\n<blockquote><p>F\u00fcr <i>Die zweite Heimat<\/i> reiste Peter Bialobrzeski von 2011 bis 2016 mit seiner Kamera durch Deutschland. Mit seinen Fotografien versucht der K\u00fcnstler, die soziale Oberfl\u00e4che des Landes zu beschreiben, das ihm seit 50 Jahren eine Heimat bietet. Bialobrzeski fotografiert den vom Menschen gepr\u00e4gten Au\u00dfenraum: Stadt, Land, Architektur. Er fokussiert dabei auf h\u00e4ufig \u00fcbersehene Objekte, die vordergr\u00fcndig keine Bedeutung zu haben scheinen und erst dann ihr Wesen zeigen, wenn sie wahrgenommen und in einen Kontext gebracht werden.<\/p><\/blockquote>\n","protected":false},"excerpt":{"rendered":"<p>Fotografien von Peter Bialobrzeski im Haus am Kleistpark F\u00fcr Die zweite Heimat reiste Peter Bialobrzeski von 2011 bis 2016 mit seiner Kamera durch Deutschland. Mit seinen Fotografien versucht der K\u00fcnstler, die soziale Oberfl\u00e4che des Landes zu beschreiben, das ihm seit 50 Jahren eine Heimat bietet. Bialobrzeski fotografiert den vom Menschen gepr\u00e4gten Au\u00dfenraum: Stadt, Land, Architektur. [&hellip;]<\/p>\n","protected":false},"author":1,"featured_media":0,"comment_status":"open","ping_status":"closed","sticky":false,"template":"","format":"standard","meta":{"footnotes":""},"categories":[5],"tags":[584],"class_list":["post-6961","post","type-post","status-publish","format-standard","hentry","category-ausstellungen","tag-haus-am-kleistpark"],"_links":{"self":[{"href":"https:\/\/mitue.de\/index.php?rest_route=\/wp\/v2\/posts\/6961","targetHints":{"allow":["GET"]}}],"collection":[{"href":"https:\/\/mitue.de\/index.php?rest_route=\/wp\/v2\/posts"}],"about":[{"href":"https:\/\/mitue.de\/index.php?rest_route=\/wp\/v2\/types\/post"}],"author":[{"embeddable":true,"href":"https:\/\/mitue.de\/index.php?rest_route=\/wp\/v2\/users\/1"}],"replies":[{"embeddable":true,"href":"https:\/\/mitue.de\/index.php?rest_route=%2Fwp%2Fv2%2Fcomments&post=6961"}],"version-history":[{"count":1,"href":"https:\/\/mitue.de\/index.php?rest_route=\/wp\/v2\/posts\/6961\/revisions"}],"predecessor-version":[{"id":6962,"href":"https:\/\/mitue.de\/index.php?rest_route=\/wp\/v2\/posts\/6961\/revisions\/6962"}],"wp:attachment":[{"href":"https:\/\/mitue.de\/index.php?rest_route=%2Fwp%2Fv2%2Fmedia&parent=6961"}],"wp:term":[{"taxonomy":"category","embeddable":true,"href":"https:\/\/mitue.de\/index.php?rest_route=%2Fwp%2Fv2%2Fcategories&post=6961"},{"taxonomy":"post_tag","embeddable":true,"href":"https:\/\/mitue.de\/index.php?rest_route=%2Fwp%2Fv2%2Ftags&post=6961"}],"curies":[{"name":"wp","href":"https:\/\/api.w.org\/{rel}","templated":true}]}}