{"id":70,"date":"2008-03-03T18:28:43","date_gmt":"2008-03-03T17:28:43","guid":{"rendered":"http:\/\/mitue.de\/?p=70"},"modified":"2008-03-03T18:38:03","modified_gmt":"2008-03-03T17:38:03","slug":"ein-tag-in-gorlitz-2","status":"publish","type":"post","link":"https:\/\/mitue.de\/?p=70","title":{"rendered":"Ein Tag in G\u00f6rlitz (2)"},"content":{"rendered":"<p>&#8222;Der erste deutsche Philosoph&#8220;<br \/>\n<a href=\"http:\/\/www.kulturwerk-schlesien.de\/kulturspiegel\/literatur\/art71,236.html?fCMS=d2d8c512a0f89df35dbafd2cc16d4ee6\">Jakob B\u00f6hme<\/a> (1575 &#8211; 1624)<\/p>\n<p><a href=\"http:\/\/www.flickr.com\/photos\/mitue\/2307312899\/\" title=\"Wohnhaus Jakob B\u00f6hme by mitue, on Flickr\"><img loading=\"lazy\" decoding=\"async\" border=\"0\" width=\"500\" src=\"http:\/\/farm3.static.flickr.com\/2304\/2307312899_ef0286ea4f.jpg\" alt=\"Wohnhaus Jakob B\u00f6hme\" height=\"252\" \/><\/a><br \/>\nWohn- und Arbeitshaus von Jakob B\u00f6hme<\/p>\n<p><a href=\"http:\/\/de.wikipedia.org\/wiki\/Jakob_B%C3%B6hme\">Jakob B\u00f6hme<\/a> in der Wikipedia<br \/>\n<a href=\"http:\/\/www.jacob-boehme.org\/deutsch\/d-frame.htm\">Internationales Jakob B\u00f6hme-Institut<\/a><br \/>\n<a href=\"http:\/\/www.bautz.de\/bbkl\/b\/boehme_j.shtml\">B\u00f6hme<\/a> im Kirchenlexikon<\/p>\n<p><a href=\"http:\/\/www.flickr.com\/photos\/mitue\/2307311811\/\" title=\"Grab Jakob B\u00f6hme by mitue, on Flickr\"><img loading=\"lazy\" decoding=\"async\" border=\"0\" width=\"500\" src=\"http:\/\/farm3.static.flickr.com\/2115\/2307311811_bf36eb8e48.jpg\" alt=\"Grab Jakob B\u00f6hme\" height=\"370\" \/><\/a><br \/>\n<a href=\"http:\/\/www.nikolaikirche-goerlitz.de\/friedhof\/index.php?&amp;u=2&amp;cat=1\">Grab B\u00f6hmes<\/a> auf dem Nikolai-Friedhof<\/p>\n","protected":false},"excerpt":{"rendered":"<p>&#8222;Der erste deutsche Philosoph&#8220; Jakob B\u00f6hme (1575 &#8211; 1624) Wohn- und Arbeitshaus von Jakob B\u00f6hme Jakob B\u00f6hme in der Wikipedia Internationales Jakob B\u00f6hme-Institut B\u00f6hme im Kirchenlexikon Grab B\u00f6hmes auf dem Nikolai-Friedhof<\/p>\n","protected":false},"author":1,"featured_media":0,"comment_status":"open","ping_status":"open","sticky":false,"template":"","format":"standard","meta":{"footnotes":""},"categories":[7],"tags":[14,28],"class_list":["post-70","post","type-post","status-publish","format-standard","hentry","category-jwd","tag-friedhof","tag-gorlitz"],"_links":{"self":[{"href":"https:\/\/mitue.de\/index.php?rest_route=\/wp\/v2\/posts\/70","targetHints":{"allow":["GET"]}}],"collection":[{"href":"https:\/\/mitue.de\/index.php?rest_route=\/wp\/v2\/posts"}],"about":[{"href":"https:\/\/mitue.de\/index.php?rest_route=\/wp\/v2\/types\/post"}],"author":[{"embeddable":true,"href":"https:\/\/mitue.de\/index.php?rest_route=\/wp\/v2\/users\/1"}],"replies":[{"embeddable":true,"href":"https:\/\/mitue.de\/index.php?rest_route=%2Fwp%2Fv2%2Fcomments&post=70"}],"version-history":[{"count":0,"href":"https:\/\/mitue.de\/index.php?rest_route=\/wp\/v2\/posts\/70\/revisions"}],"wp:attachment":[{"href":"https:\/\/mitue.de\/index.php?rest_route=%2Fwp%2Fv2%2Fmedia&parent=70"}],"wp:term":[{"taxonomy":"category","embeddable":true,"href":"https:\/\/mitue.de\/index.php?rest_route=%2Fwp%2Fv2%2Fcategories&post=70"},{"taxonomy":"post_tag","embeddable":true,"href":"https:\/\/mitue.de\/index.php?rest_route=%2Fwp%2Fv2%2Ftags&post=70"}],"curies":[{"name":"wp","href":"https:\/\/api.w.org\/{rel}","templated":true}]}}