{"id":7035,"date":"2019-04-06T18:25:41","date_gmt":"2019-04-06T17:25:41","guid":{"rendered":"http:\/\/mitue.de\/?p=7035"},"modified":"2019-04-06T18:25:41","modified_gmt":"2019-04-06T17:25:41","slug":"philharmonie-von-stettin-2-tage-in-szczecin","status":"publish","type":"post","link":"https:\/\/mitue.de\/?p=7035","title":{"rendered":"Philharmonie von Stettin (2 Tage in Szczecin)"},"content":{"rendered":"<blockquote><p>Im April 2011 begann der Bau des f\u00fcnfgeschossigen Geb\u00e4udes mit zwei Konzerts\u00e4len mit 953 und 192 Pl\u00e4tzen. Auf der B\u00fchne ist Raum f\u00fcr 120 Musiker und 110 S\u00e4nger vorgesehen. Am 14. September 2014 wurde das Geb\u00e4ude feierlich eingeweiht. Am 8. Mai 2015 wurde das von den spanisch-italienischen Architekten Alberto Veiga und Fabrizio Barozzi entworfene Geb\u00e4ude als das beste Bauwerk des Jahres 2014 mit dem Mies-van-der-Rohe-Preis ausgezeichnet.<br \/>\n(<a href=\"https:\/\/de.wikipedia.org\/wiki\/Philharmonie_Stettin\">wikipedia<\/a>)<\/p><\/blockquote>\n<p><a href=\"https:\/\/www.flickr.com\/photos\/mitue\/47497305892\/in\/dateposted\/\" title=\"SZSC 006\"><img loading=\"lazy\" decoding=\"async\" src=\"https:\/\/live.staticflickr.com\/7857\/47497305892_655c709cb4.jpg\" width=\"500\" height=\"333\" alt=\"SZSC 006\"><\/a><\/p>\n<p><a href=\"https:\/\/www.flickr.com\/photos\/mitue\/47497307692\/in\/dateposted\/\" title=\"SZSC 003\"><img loading=\"lazy\" decoding=\"async\" src=\"https:\/\/live.staticflickr.com\/7819\/47497307692_3714c846d4.jpg\" width=\"500\" height=\"333\" alt=\"SZSC 003\"><\/a><\/p>\n<p align=\"justify\"><a href=\"https:\/\/www.detail.de\/artikel\/verfremdungseffekt-philharmonie-in-stettin-13361\/\">Verfremdungseffekt: Philharmonie in Stettin<\/a><\/p>\n","protected":false},"excerpt":{"rendered":"<p>Im April 2011 begann der Bau des f\u00fcnfgeschossigen Geb\u00e4udes mit zwei Konzerts\u00e4len mit 953 und 192 Pl\u00e4tzen. Auf der B\u00fchne ist Raum f\u00fcr 120 Musiker und 110 S\u00e4nger vorgesehen. Am 14. September 2014 wurde das Geb\u00e4ude feierlich eingeweiht. Am 8. Mai 2015 wurde das von den spanisch-italienischen Architekten Alberto Veiga und Fabrizio Barozzi entworfene Geb\u00e4ude [&hellip;]<\/p>\n","protected":false},"author":1,"featured_media":0,"comment_status":"open","ping_status":"closed","sticky":false,"template":"","format":"standard","meta":{"footnotes":""},"categories":[7],"tags":[697],"class_list":["post-7035","post","type-post","status-publish","format-standard","hentry","category-jwd","tag-szczecin"],"_links":{"self":[{"href":"https:\/\/mitue.de\/index.php?rest_route=\/wp\/v2\/posts\/7035","targetHints":{"allow":["GET"]}}],"collection":[{"href":"https:\/\/mitue.de\/index.php?rest_route=\/wp\/v2\/posts"}],"about":[{"href":"https:\/\/mitue.de\/index.php?rest_route=\/wp\/v2\/types\/post"}],"author":[{"embeddable":true,"href":"https:\/\/mitue.de\/index.php?rest_route=\/wp\/v2\/users\/1"}],"replies":[{"embeddable":true,"href":"https:\/\/mitue.de\/index.php?rest_route=%2Fwp%2Fv2%2Fcomments&post=7035"}],"version-history":[{"count":1,"href":"https:\/\/mitue.de\/index.php?rest_route=\/wp\/v2\/posts\/7035\/revisions"}],"predecessor-version":[{"id":7036,"href":"https:\/\/mitue.de\/index.php?rest_route=\/wp\/v2\/posts\/7035\/revisions\/7036"}],"wp:attachment":[{"href":"https:\/\/mitue.de\/index.php?rest_route=%2Fwp%2Fv2%2Fmedia&parent=7035"}],"wp:term":[{"taxonomy":"category","embeddable":true,"href":"https:\/\/mitue.de\/index.php?rest_route=%2Fwp%2Fv2%2Fcategories&post=7035"},{"taxonomy":"post_tag","embeddable":true,"href":"https:\/\/mitue.de\/index.php?rest_route=%2Fwp%2Fv2%2Ftags&post=7035"}],"curies":[{"name":"wp","href":"https:\/\/api.w.org\/{rel}","templated":true}]}}