{"id":7037,"date":"2019-04-07T09:44:55","date_gmt":"2019-04-07T08:44:55","guid":{"rendered":"http:\/\/mitue.de\/?p=7037"},"modified":"2019-04-07T09:49:12","modified_gmt":"2019-04-07T08:49:12","slug":"altes-rathaus-2-tage-in-szczecin","status":"publish","type":"post","link":"https:\/\/mitue.de\/?p=7037","title":{"rendered":"Altes Rathaus (2 Tage in Szczecin)"},"content":{"rendered":"<p><a href=\"https:\/\/www.flickr.com\/photos\/mitue\/47554343061\/in\/dateposted\/\" title=\"SZSC 013\"><img loading=\"lazy\" decoding=\"async\" src=\"https:\/\/live.staticflickr.com\/7807\/47554343061_a177005255.jpg\" width=\"500\" height=\"333\" alt=\"SZSC 013\"><\/a><\/p>\n<p>Das <a href=\"http:\/\/www.eurob.org\/item\/altes_rathaus_szczecin\/\">Alte Rathaus<\/a> (polnisch: Ratusz Staromiejski) als Sitz der st\u00e4dtischen Beh\u00f6rden ist bereits der zweite an dieser Stelle entstandene Ziegelbau und Symbol der Unabh\u00e4ngigkeit der B\u00fcrger Szczecins. Es wurde im 15. Jahrhundert auf den \u00dcberresten eines \u00e4lteren Geb\u00e4udes aus dem vorherigen Jahrhundert errichtet.<\/p>\n<p><a href=\"https:\/\/www.flickr.com\/photos\/mitue\/46638865615\/in\/dateposted\/\" title=\"Gro\u00dfer Bogen\"><img loading=\"lazy\" decoding=\"async\" src=\"https:\/\/live.staticflickr.com\/7856\/46638865615_aafff02886.jpg\" width=\"500\" height=\"333\" alt=\"Gro\u00dfer Bogen\"><\/a><\/p>\n<p><a href=\"https:\/\/www.travelnetto.de\/bernhard-heiliger-ausstellung-stettin-szczecin.aktuell.php\">Bernhard Heiliger<\/a> geh\u00f6rte zu den bekanntesten Bildhauern der Nachkriegszeit. Geboren wurde der nach dem Zweiten Weltkrieg in West-Berlin lehrende und schaffende K\u00fcnstler am 11. November 1915 in Stettin, dem heutigen Szczecin.<br \/>\nAls Leihgabe der <a href=\"http:\/\/bernhard-heiliger-stiftung.de\/skulpturen\/grosser-bogen\/\">Bernhard-Heiliger-Stiftung<\/a> steht Heiligers <em>Gro\u00dfer Bogen<\/em> von 1991 vor dem Alten Rathaus.<\/p>\n","protected":false},"excerpt":{"rendered":"<p>Das Alte Rathaus (polnisch: Ratusz Staromiejski) als Sitz der st\u00e4dtischen Beh\u00f6rden ist bereits der zweite an dieser Stelle entstandene Ziegelbau und Symbol der Unabh\u00e4ngigkeit der B\u00fcrger Szczecins. Es wurde im 15. Jahrhundert auf den \u00dcberresten eines \u00e4lteren Geb\u00e4udes aus dem vorherigen Jahrhundert errichtet. Bernhard Heiliger geh\u00f6rte zu den bekanntesten Bildhauern der Nachkriegszeit. Geboren wurde der [&hellip;]<\/p>\n","protected":false},"author":1,"featured_media":0,"comment_status":"open","ping_status":"closed","sticky":false,"template":"","format":"standard","meta":{"footnotes":""},"categories":[7],"tags":[697],"class_list":["post-7037","post","type-post","status-publish","format-standard","hentry","category-jwd","tag-szczecin"],"_links":{"self":[{"href":"https:\/\/mitue.de\/index.php?rest_route=\/wp\/v2\/posts\/7037","targetHints":{"allow":["GET"]}}],"collection":[{"href":"https:\/\/mitue.de\/index.php?rest_route=\/wp\/v2\/posts"}],"about":[{"href":"https:\/\/mitue.de\/index.php?rest_route=\/wp\/v2\/types\/post"}],"author":[{"embeddable":true,"href":"https:\/\/mitue.de\/index.php?rest_route=\/wp\/v2\/users\/1"}],"replies":[{"embeddable":true,"href":"https:\/\/mitue.de\/index.php?rest_route=%2Fwp%2Fv2%2Fcomments&post=7037"}],"version-history":[{"count":3,"href":"https:\/\/mitue.de\/index.php?rest_route=\/wp\/v2\/posts\/7037\/revisions"}],"predecessor-version":[{"id":7041,"href":"https:\/\/mitue.de\/index.php?rest_route=\/wp\/v2\/posts\/7037\/revisions\/7041"}],"wp:attachment":[{"href":"https:\/\/mitue.de\/index.php?rest_route=%2Fwp%2Fv2%2Fmedia&parent=7037"}],"wp:term":[{"taxonomy":"category","embeddable":true,"href":"https:\/\/mitue.de\/index.php?rest_route=%2Fwp%2Fv2%2Fcategories&post=7037"},{"taxonomy":"post_tag","embeddable":true,"href":"https:\/\/mitue.de\/index.php?rest_route=%2Fwp%2Fv2%2Ftags&post=7037"}],"curies":[{"name":"wp","href":"https:\/\/api.w.org\/{rel}","templated":true}]}}