{"id":7065,"date":"2019-04-26T17:39:15","date_gmt":"2019-04-26T16:39:15","guid":{"rendered":"http:\/\/mitue.de\/?p=7065"},"modified":"2019-04-26T18:11:34","modified_gmt":"2019-04-26T17:11:34","slug":"rund-um-jena-erlkoenig","status":"publish","type":"post","link":"https:\/\/mitue.de\/?p=7065","title":{"rendered":"Rund um Jena &#8211; Erlk\u00f6nig"},"content":{"rendered":"<p><a href=\"https:\/\/www.flickr.com\/photos\/mitue\/47652437512\/in\/dateposted\/\" title=\"Wallendes Gewand\"><img loading=\"lazy\" decoding=\"async\" src=\"https:\/\/live.staticflickr.com\/65535\/47652437512_16ae483f8f.jpg\" width=\"500\" height=\"333\" alt=\"Wallendes Gewand\"><\/a><\/p>\n<p><a href=\"https:\/\/www.flickr.com\/photos\/mitue\/32762262657\/in\/photostream\/\" title=\"Jena 005\"><img loading=\"lazy\" decoding=\"async\" src=\"https:\/\/live.staticflickr.com\/65535\/32762262657_2a62f97b74.jpg\" width=\"500\" height=\"333\" alt=\"Jena 005\"><\/a><\/p>\n<p><a href=\"https:\/\/www.flickr.com\/photos\/mitue\/47705448591\/in\/dateposted\/\" title=\"Jena 004\"><img loading=\"lazy\" decoding=\"async\" src=\"https:\/\/live.staticflickr.com\/65535\/47705448591_74cbdb8ae5.jpg\" width=\"500\" height=\"333\" alt=\"Jena 004\"><\/a><\/p>\n<p>W\u00e4hrend seines Aufenthaltes in Jena von 1817 bis 1818 quartierte sich Johann Wolfgang von Goethe im obersten Stockwerk der <a href=\"https:\/\/de.wikipedia.org\/wiki\/Gr\u00fcne_Tanne\">Gr\u00fcnen Tanne<\/a> ein. Der lokalen \u00dcberlieferung nach verfasste Goethe hier auch seinen Erlk\u00f6nig. Belegt ist dies jedoch nicht, vermutlich entstand das St\u00fcck bereits vor seinem ersten Aufenthalt in der Gr\u00fcnen Tanne.<\/p>\n<p><a href=\"https:\/\/www.flickr.com\/photos\/mitue\/46790007955\/in\/dateposted\/\" title=\"Gr\u00fcne Tanne\"><img loading=\"lazy\" decoding=\"async\" src=\"https:\/\/live.staticflickr.com\/65535\/46790007955_c5cb404f10.jpg\" width=\"500\" height=\"333\" alt=\"Gr\u00fcne Tanne\"><\/a><\/p>\n","protected":false},"excerpt":{"rendered":"<p>W\u00e4hrend seines Aufenthaltes in Jena von 1817 bis 1818 quartierte sich Johann Wolfgang von Goethe im obersten Stockwerk der Gr\u00fcnen Tanne ein. Der lokalen \u00dcberlieferung nach verfasste Goethe hier auch seinen Erlk\u00f6nig. Belegt ist dies jedoch nicht, vermutlich entstand das St\u00fcck bereits vor seinem ersten Aufenthalt in der Gr\u00fcnen Tanne.<\/p>\n","protected":false},"author":1,"featured_media":0,"comment_status":"open","ping_status":"closed","sticky":false,"template":"","format":"standard","meta":{"footnotes":""},"categories":[7],"tags":[699],"class_list":["post-7065","post","type-post","status-publish","format-standard","hentry","category-jwd","tag-jena"],"_links":{"self":[{"href":"https:\/\/mitue.de\/index.php?rest_route=\/wp\/v2\/posts\/7065","targetHints":{"allow":["GET"]}}],"collection":[{"href":"https:\/\/mitue.de\/index.php?rest_route=\/wp\/v2\/posts"}],"about":[{"href":"https:\/\/mitue.de\/index.php?rest_route=\/wp\/v2\/types\/post"}],"author":[{"embeddable":true,"href":"https:\/\/mitue.de\/index.php?rest_route=\/wp\/v2\/users\/1"}],"replies":[{"embeddable":true,"href":"https:\/\/mitue.de\/index.php?rest_route=%2Fwp%2Fv2%2Fcomments&post=7065"}],"version-history":[{"count":3,"href":"https:\/\/mitue.de\/index.php?rest_route=\/wp\/v2\/posts\/7065\/revisions"}],"predecessor-version":[{"id":7068,"href":"https:\/\/mitue.de\/index.php?rest_route=\/wp\/v2\/posts\/7065\/revisions\/7068"}],"wp:attachment":[{"href":"https:\/\/mitue.de\/index.php?rest_route=%2Fwp%2Fv2%2Fmedia&parent=7065"}],"wp:term":[{"taxonomy":"category","embeddable":true,"href":"https:\/\/mitue.de\/index.php?rest_route=%2Fwp%2Fv2%2Fcategories&post=7065"},{"taxonomy":"post_tag","embeddable":true,"href":"https:\/\/mitue.de\/index.php?rest_route=%2Fwp%2Fv2%2Ftags&post=7065"}],"curies":[{"name":"wp","href":"https:\/\/api.w.org\/{rel}","templated":true}]}}