{"id":7087,"date":"2019-05-02T10:49:16","date_gmt":"2019-05-02T09:49:16","guid":{"rendered":"http:\/\/mitue.de\/?p=7087"},"modified":"2019-05-02T10:50:55","modified_gmt":"2019-05-02T09:50:55","slug":"rund-um-jena-carl-zeiss","status":"publish","type":"post","link":"https:\/\/mitue.de\/?p=7087","title":{"rendered":"Rund um Jena &#8211; Carl Zei\u00df"},"content":{"rendered":"<p><a href=\"https:\/\/de.wikipedia.org\/wiki\/Carl_Zei\u00df\">Carl Zei\u00df<\/a> war ein deutscher Mechaniker und Unternehmer. Er gr\u00fcndete die Firma Carl Zeiss.<\/p>\n<p><a href=\"https:\/\/www.flickr.com\/photos\/mitue\/33862536438\/in\/photostream\/\" title=\"Jena 171\"><img loading=\"lazy\" decoding=\"async\" src=\"https:\/\/live.staticflickr.com\/65535\/33862536438_836d042f43.jpg\" width=\"500\" height=\"375\" alt=\"Jena 171\"><\/a><\/p>\n<p>Die Schreibweise des Familiennamens war noch zu Lebzeiten von Carl Zei\u00df nicht eindeutig festgelegt. Es finden sich auch Zeis, Zeyesz, Zeiss und Zeus. Um dieser Unsicherheit ein Ende zu bereiten, einigten sich sein Sohn Roderich und Ernst Abbe erst um das Jahr 1885 f\u00fcr das Unternehmen auf die Schreibweise Zeiss.<\/p>\n<p><a href=\"https:\/\/www.flickr.com\/photos\/mitue\/47686665202\/in\/photostream\/\" title=\"Carl Zeiss\"><img loading=\"lazy\" decoding=\"async\" src=\"https:\/\/live.staticflickr.com\/65535\/47686665202_61c4eba313.jpg\" width=\"500\" height=\"333\" alt=\"Carl Zeiss\"><\/a><\/p>\n<p>Endlich: Seit 2017 hat Jena eine lebensgro\u00dfe Skulptur von <a href=\"http:\/\/www.jezt.de\/2017\/09\/16\/feierliche-enthuellung-endlich-hat-jena-eine-lebensgrosse-skulptur-von-carl-zeiss-als-denkmal\/\">Carl Zei\u00df als Denkmal<\/a>. Die Skulptur wurde von <a href=\"http:\/\/www.kd-locke.de\/vita.html\">Klaus-Dieter Locke<\/a> geschaffen.<\/a><\/p>\n","protected":false},"excerpt":{"rendered":"<p>Carl Zei\u00df war ein deutscher Mechaniker und Unternehmer. Er gr\u00fcndete die Firma Carl Zeiss. Die Schreibweise des Familiennamens war noch zu Lebzeiten von Carl Zei\u00df nicht eindeutig festgelegt. Es finden sich auch Zeis, Zeyesz, Zeiss und Zeus. Um dieser Unsicherheit ein Ende zu bereiten, einigten sich sein Sohn Roderich und Ernst Abbe erst um das [&hellip;]<\/p>\n","protected":false},"author":1,"featured_media":0,"comment_status":"open","ping_status":"closed","sticky":false,"template":"","format":"standard","meta":{"footnotes":""},"categories":[7],"tags":[699],"class_list":["post-7087","post","type-post","status-publish","format-standard","hentry","category-jwd","tag-jena"],"_links":{"self":[{"href":"https:\/\/mitue.de\/index.php?rest_route=\/wp\/v2\/posts\/7087","targetHints":{"allow":["GET"]}}],"collection":[{"href":"https:\/\/mitue.de\/index.php?rest_route=\/wp\/v2\/posts"}],"about":[{"href":"https:\/\/mitue.de\/index.php?rest_route=\/wp\/v2\/types\/post"}],"author":[{"embeddable":true,"href":"https:\/\/mitue.de\/index.php?rest_route=\/wp\/v2\/users\/1"}],"replies":[{"embeddable":true,"href":"https:\/\/mitue.de\/index.php?rest_route=%2Fwp%2Fv2%2Fcomments&post=7087"}],"version-history":[{"count":3,"href":"https:\/\/mitue.de\/index.php?rest_route=\/wp\/v2\/posts\/7087\/revisions"}],"predecessor-version":[{"id":7090,"href":"https:\/\/mitue.de\/index.php?rest_route=\/wp\/v2\/posts\/7087\/revisions\/7090"}],"wp:attachment":[{"href":"https:\/\/mitue.de\/index.php?rest_route=%2Fwp%2Fv2%2Fmedia&parent=7087"}],"wp:term":[{"taxonomy":"category","embeddable":true,"href":"https:\/\/mitue.de\/index.php?rest_route=%2Fwp%2Fv2%2Fcategories&post=7087"},{"taxonomy":"post_tag","embeddable":true,"href":"https:\/\/mitue.de\/index.php?rest_route=%2Fwp%2Fv2%2Ftags&post=7087"}],"curies":[{"name":"wp","href":"https:\/\/api.w.org\/{rel}","templated":true}]}}