{"id":7222,"date":"2019-08-28T17:23:25","date_gmt":"2019-08-28T16:23:25","guid":{"rendered":"http:\/\/mitue.de\/?p=7222"},"modified":"2019-08-28T17:24:39","modified_gmt":"2019-08-28T16:24:39","slug":"the-garden-bridge","status":"publish","type":"post","link":"https:\/\/mitue.de\/?p=7222","title":{"rendered":"The Garden Bridge"},"content":{"rendered":"<p>The <a href=\"https:\/\/www.bruecke-museum.de\/de\/programm\/ausstellungen\/610\/the-garden-bridge-an-outdoor-project-curated-by-kinderhook-caracas\">Garden Bridge<\/a> ist ein Outdoor-Projekt im Garten des Br\u00fccke-Museums kuratiert von Kinderhook &#038; Caracas. Der Berliner Projektraum wird von den K\u00fcnstler*innen Sol Calero und Christopher Kline geleitet.<\/p>\n<p><a href=\"https:\/\/www.flickr.com\/photos\/mitue\/48636112942\/in\/dateposted\/\" title=\"Br\u00fccke 13\"><img loading=\"lazy\" decoding=\"async\" src=\"https:\/\/live.staticflickr.com\/65535\/48636112942_6acde68351.jpg\" width=\"500\" height=\"333\" alt=\"Br\u00fccke 13\"><\/a><br \/>\n<a href=\"https:\/\/www.bruecke-museum.de\/de\/programm\/ausstellungen\/73\/sol-calero-casa-isadora\">Casa Isadora<\/a><\/p>\n<p><a href=\"https:\/\/www.flickr.com\/photos\/mitue\/48636113227\/in\/dateposted\/\" title=\"Br\u00fccke 12\"><img loading=\"lazy\" decoding=\"async\" src=\"https:\/\/live.staticflickr.com\/65535\/48636113227_a44a75da22.jpg\" width=\"500\" height=\"333\" alt=\"Br\u00fccke 12\"><\/a><\/p>\n<p><a href=\"https:\/\/www.flickr.com\/photos\/mitue\/48635972266\/in\/dateposted\/\" title=\"Br\u00fccke 5\"><img loading=\"lazy\" decoding=\"async\" src=\"https:\/\/live.staticflickr.com\/65535\/48635972266_44521cb216.jpg\" width=\"500\" height=\"333\" alt=\"Br\u00fccke 5\"><\/a><\/p>\n<p>Eher spielerisch n\u00e4hert sich Nuri Koerfer mit ihren bunten Sitzgelegenheiten aus Styropor und Pappmach\u00e9 dem Thema Natur. Ihre Tier-M\u00f6bel-Hybride laden zu einer kurzen Rast im Garten ein. (<a href=\"http:\/\/www.kunstmarkt.com\/pagesmag\/kunst\/_id420616-\/news_detail.html?_q=%20\">Kunstmarkt<\/a>) <\/p>\n<p><a href=\"https:\/\/www.flickr.com\/photos\/mitue\/48635973606\/in\/dateposted\/\" title=\"Br\u00fccke 2\"><img loading=\"lazy\" decoding=\"async\" src=\"https:\/\/live.staticflickr.com\/65535\/48635973606_94c36d95a8.jpg\" width=\"500\" height=\"333\" alt=\"Br\u00fccke 2\"><\/a><\/p>\n","protected":false},"excerpt":{"rendered":"<p>The Garden Bridge ist ein Outdoor-Projekt im Garten des Br\u00fccke-Museums kuratiert von Kinderhook &#038; Caracas. Der Berliner Projektraum wird von den K\u00fcnstler*innen Sol Calero und Christopher Kline geleitet. Casa Isadora Eher spielerisch n\u00e4hert sich Nuri Koerfer mit ihren bunten Sitzgelegenheiten aus Styropor und Pappmach\u00e9 dem Thema Natur. Ihre Tier-M\u00f6bel-Hybride laden zu einer kurzen Rast im [&hellip;]<\/p>\n","protected":false},"author":1,"featured_media":0,"comment_status":"open","ping_status":"closed","sticky":false,"template":"","format":"standard","meta":{"footnotes":""},"categories":[5],"tags":[705],"class_list":["post-7222","post","type-post","status-publish","format-standard","hentry","category-ausstellungen","tag-bruecke-museum"],"_links":{"self":[{"href":"https:\/\/mitue.de\/index.php?rest_route=\/wp\/v2\/posts\/7222","targetHints":{"allow":["GET"]}}],"collection":[{"href":"https:\/\/mitue.de\/index.php?rest_route=\/wp\/v2\/posts"}],"about":[{"href":"https:\/\/mitue.de\/index.php?rest_route=\/wp\/v2\/types\/post"}],"author":[{"embeddable":true,"href":"https:\/\/mitue.de\/index.php?rest_route=\/wp\/v2\/users\/1"}],"replies":[{"embeddable":true,"href":"https:\/\/mitue.de\/index.php?rest_route=%2Fwp%2Fv2%2Fcomments&post=7222"}],"version-history":[{"count":2,"href":"https:\/\/mitue.de\/index.php?rest_route=\/wp\/v2\/posts\/7222\/revisions"}],"predecessor-version":[{"id":7224,"href":"https:\/\/mitue.de\/index.php?rest_route=\/wp\/v2\/posts\/7222\/revisions\/7224"}],"wp:attachment":[{"href":"https:\/\/mitue.de\/index.php?rest_route=%2Fwp%2Fv2%2Fmedia&parent=7222"}],"wp:term":[{"taxonomy":"category","embeddable":true,"href":"https:\/\/mitue.de\/index.php?rest_route=%2Fwp%2Fv2%2Fcategories&post=7222"},{"taxonomy":"post_tag","embeddable":true,"href":"https:\/\/mitue.de\/index.php?rest_route=%2Fwp%2Fv2%2Ftags&post=7222"}],"curies":[{"name":"wp","href":"https:\/\/api.w.org\/{rel}","templated":true}]}}