{"id":7344,"date":"2019-11-17T19:01:20","date_gmt":"2019-11-17T18:01:20","guid":{"rendered":"http:\/\/mitue.de\/?p=7344"},"modified":"2019-11-17T19:24:39","modified_gmt":"2019-11-17T18:24:39","slug":"ferdinand-beneke-in-bruessel","status":"publish","type":"post","link":"https:\/\/mitue.de\/?p=7344","title":{"rendered":"Ferdinand Beneke in Br\u00fcssel"},"content":{"rendered":"<p>Es ist schon fast ein Jahr her, dass Gabi und ich in <a href=\"http:\/\/mitue.de\/?tag=bruessel\">Br\u00fcssel<\/a> waren. Bei der Lekt\u00fcre in <a href=\"https:\/\/www.deutschlandfunkkultur.de\/ferdinand-benekes-tagebuecher-ein-empfindsamer-patriarch.1270.de.html?dram:article_id=455918\">Ferdinand Benekes Tageb\u00fcchern<\/a> wurde ich durch folgende k\u00f6stliche Beschreibung vom 20. August 1801 des <a href=\"https:\/\/de.wikipedia.org\/wiki\/Warandepark\">Warandeparks<\/a> an unseren Aufenthalt erinnert.<\/p>\n<p><a href=\"https:\/\/www.flickr.com\/photos\/mitue\/32288044117\/in\/album-72157706323627705\/\" title=\"BRU 028\"><img loading=\"lazy\" decoding=\"async\" src=\"https:\/\/live.staticflickr.com\/7832\/32288044117_e3b914001f.jpg\" width=\"500\" height=\"333\" alt=\"BRU 028\"><\/a><\/p>\n<blockquote><p>Nachdem ich mich sattsahm in dem Plan von B[r\u00fcssel] orientirt hatte, begann ich ganz allein meine tour de phantasie &#8211; Instinktm\u00e4\u00dfig wanderte ich recta via in den Park, u. verlohr mich in seinen labyrinthischen SchattenG\u00e4ngen. Es ist etwas eignes, mitten in einer gro\u00dfen ger\u00e4uschvollen Stadt eine solche sch\u00f6ne Wildni\u00df hinzuzaubern, deren Umfang gro\u00df genug ist, um in ihrer Mitte Pl\u00e4tze zu finden, wo man sich in die Ein\u00f6de eines gro\u00dfen Waldes versetzt glaubt, nichts sieht, als B\u00e4ume, u. Geb\u00fcsche, nichts h\u00f6rt, als den Gesang der V\u00f6gel \u2013 Wahrlich, die Id\u00e9e ist sch\u00f6n. Wer sie zuerst hatte, war kein gemeiner Mensch \u2013 Hier durchschneiden lange breite G\u00e4nge mit Font\u00e4nen, Statuen, u. Prospekten das Geb\u00fcsch. Dort verliert sich der WaldPfad in tiefe Gr\u00fcnde, wo man sich vollends von der Welt weit abgesondert glaubt. Pl\u00f6tzlich f\u00fchrt ein lichter Gang an &#8211; eine Reihe von Pall\u00e4sten, an die gew\u00fchlvolle Gasse &#8211; Vier gro\u00dfe pr\u00e4chtige H\u00e4user Reihen umgeben den Park. Sie hei\u00dfen izt rue de bellevue, I. de la libert\u00e9, r. d. l&#8217;egalit\u00e9, r. d. la loi \u2013 Ich kann diese neuen Nahmen micht leiden. Einmahl profanirt man dadurch schon an sich die Sache, die man heben will, u. es ist wohl nichts l\u00e4cherlicher, als, wenn es z. B. hei\u00dft, in der EheGasse ist ein Bordell, in der Demokratie Gasse kann man vor Bettlern nicht durchkommen, in der GesetzGasse wird viel gestohlen, u. in der Tugend Gasse hat man Jemanden todtgeschlagen.\n<\/p><\/blockquote>\n<p><a href=\"https:\/\/www.flickr.com\/photos\/mitue\/46506643924\/in\/album-72157706323627705\/\" title=\"BRU 024\"><img loading=\"lazy\" decoding=\"async\" src=\"https:\/\/live.staticflickr.com\/7869\/46506643924_487eabdc5e.jpg\" width=\"500\" height=\"333\" alt=\"BRU 024\"><\/a><\/p>\n<p><a href=\"https:\/\/www.flickr.com\/photos\/mitue\/46506640494\/in\/album-72157706323627705\/\" title=\"BRU 026\"><img loading=\"lazy\" decoding=\"async\" src=\"https:\/\/live.staticflickr.com\/7869\/46506640494_6957357e50.jpg\" width=\"500\" height=\"333\" alt=\"BRU 026\"><\/a><\/p>\n<blockquote><p>Ich umging die alte imposante Kathedrale, die ber\u00fchmte <a href=\"http:\/\/mitue.de\/?p=7005\">Gudula Kirche<\/a>. Gotische Verzierungen bedecken die seltsam gestalteten T\u00fcrme, u. man kann diesem gro\u00dfen Dom nicht leicht ohne lebhafte Erinnerung an die Vorzeit vorbeigehen.<\/p><\/blockquote>\n<p><a href=\"https:\/\/www.flickr.com\/photos\/mitue\/46515082464\/in\/album-72157706323627705\/\" title=\"BRU 044 St-Michel\"><img loading=\"lazy\" decoding=\"async\" src=\"https:\/\/live.staticflickr.com\/7863\/46515082464_955c792c38.jpg\" width=\"500\" height=\"333\" alt=\"BRU 044 St-Michel\"><\/a><\n\n<a href=\"https:\/\/www.flickr.com\/photos\/mitue\/40273757913\/in\/album-72157706323627705\/\" title=\"BRU 043 St-Michel\"><img loading=\"lazy\" decoding=\"async\" src=\"https:\/\/live.staticflickr.com\/7891\/40273757913_c463359c71.jpg\" width=\"500\" height=\"333\" alt=\"BRU 043 St-Michel\"><\/a><\/p>\n","protected":false},"excerpt":{"rendered":"<p>Es ist schon fast ein Jahr her, dass Gabi und ich in Br\u00fcssel waren. Bei der Lekt\u00fcre in Ferdinand Benekes Tageb\u00fcchern wurde ich durch folgende k\u00f6stliche Beschreibung vom 20. August 1801 des Warandeparks an unseren Aufenthalt erinnert. Nachdem ich mich sattsahm in dem Plan von B[r\u00fcssel] orientirt hatte, begann ich ganz allein meine tour de [&hellip;]<\/p>\n","protected":false},"author":1,"featured_media":0,"comment_status":"open","ping_status":"closed","sticky":false,"template":"","format":"standard","meta":{"footnotes":""},"categories":[7],"tags":[708],"class_list":["post-7344","post","type-post","status-publish","format-standard","hentry","category-jwd","tag-brussel"],"_links":{"self":[{"href":"https:\/\/mitue.de\/index.php?rest_route=\/wp\/v2\/posts\/7344","targetHints":{"allow":["GET"]}}],"collection":[{"href":"https:\/\/mitue.de\/index.php?rest_route=\/wp\/v2\/posts"}],"about":[{"href":"https:\/\/mitue.de\/index.php?rest_route=\/wp\/v2\/types\/post"}],"author":[{"embeddable":true,"href":"https:\/\/mitue.de\/index.php?rest_route=\/wp\/v2\/users\/1"}],"replies":[{"embeddable":true,"href":"https:\/\/mitue.de\/index.php?rest_route=%2Fwp%2Fv2%2Fcomments&post=7344"}],"version-history":[{"count":7,"href":"https:\/\/mitue.de\/index.php?rest_route=\/wp\/v2\/posts\/7344\/revisions"}],"predecessor-version":[{"id":7351,"href":"https:\/\/mitue.de\/index.php?rest_route=\/wp\/v2\/posts\/7344\/revisions\/7351"}],"wp:attachment":[{"href":"https:\/\/mitue.de\/index.php?rest_route=%2Fwp%2Fv2%2Fmedia&parent=7344"}],"wp:term":[{"taxonomy":"category","embeddable":true,"href":"https:\/\/mitue.de\/index.php?rest_route=%2Fwp%2Fv2%2Fcategories&post=7344"},{"taxonomy":"post_tag","embeddable":true,"href":"https:\/\/mitue.de\/index.php?rest_route=%2Fwp%2Fv2%2Ftags&post=7344"}],"curies":[{"name":"wp","href":"https:\/\/api.w.org\/{rel}","templated":true}]}}