{"id":7370,"date":"2019-11-28T17:02:01","date_gmt":"2019-11-28T16:02:01","guid":{"rendered":"http:\/\/mitue.de\/?p=7370"},"modified":"2019-11-28T17:03:21","modified_gmt":"2019-11-28T16:03:21","slug":"galerie-im-tempelhof-museum","status":"publish","type":"post","link":"https:\/\/mitue.de\/?p=7370","title":{"rendered":"Galerie im Tempelhof Museum"},"content":{"rendered":"<p><a href=\"https:\/\/www.flickr.com\/photos\/mitue\/49137858447\/in\/dateposted\/\" title=\"Tempel 1\"><img loading=\"lazy\" decoding=\"async\" src=\"https:\/\/live.staticflickr.com\/65535\/49137858447_f22cfb1a78.jpg\" width=\"500\" height=\"500\" alt=\"Tempel 1\"><\/a><br \/>\n<a href=\"http:\/\/www.yasersafi.com\/bioen.html\">Yaser Safi<\/a><\/p>\n<p><a href=\"https:\/\/www.flickr.com\/photos\/mitue\/49137662416\/in\/dateposted\/\" title=\"Tempel 3\"><img loading=\"lazy\" decoding=\"async\" src=\"https:\/\/live.staticflickr.com\/65535\/49137662416_33cd81d3e2.jpg\" width=\"500\" height=\"375\" alt=\"Tempel 3\"><\/a><br \/>\n<a href=\"https:\/\/www.mutualart.com\/Artist\/Abdul-Karim-Majdal-Al-beik\/769C22D4E95C9E9C\">Abdul Karim Majdal Albeik<\/a><\/p>\n<p>In der Galerie im Tempelhof Museum:<br \/>\nYaser Safi und Abdul Karim Majdal Albeik waren in Syrien als K\u00fcnstler etabliert, haben dort an Kunsthochschulen gelehrt und Auszeichnungen f\u00fcr ihre k\u00fcnstlerische Arbeit erhalten. Beide mussten Syrien auf Grund des dort herrschenden Krieges sowie ihrer k\u00fcnstlerischen Stellungnahme f\u00fcr Demokratie verlassen. Im Jahr 2017 waren beide K\u00fcnstler Stipendiaten von <a href=\"https:\/\/artistsconnected.wordpress.com\">Berlin Artists Connected<\/a>.<\/p>\n","protected":false},"excerpt":{"rendered":"<p>Yaser Safi Abdul Karim Majdal Albeik In der Galerie im Tempelhof Museum: Yaser Safi und Abdul Karim Majdal Albeik waren in Syrien als K\u00fcnstler etabliert, haben dort an Kunsthochschulen gelehrt und Auszeichnungen f\u00fcr ihre k\u00fcnstlerische Arbeit erhalten. Beide mussten Syrien auf Grund des dort herrschenden Krieges sowie ihrer k\u00fcnstlerischen Stellungnahme f\u00fcr Demokratie verlassen. Im Jahr [&hellip;]<\/p>\n","protected":false},"author":1,"featured_media":0,"comment_status":"open","ping_status":"closed","sticky":false,"template":"","format":"standard","meta":{"footnotes":""},"categories":[5],"tags":[],"class_list":["post-7370","post","type-post","status-publish","format-standard","hentry","category-ausstellungen"],"_links":{"self":[{"href":"https:\/\/mitue.de\/index.php?rest_route=\/wp\/v2\/posts\/7370","targetHints":{"allow":["GET"]}}],"collection":[{"href":"https:\/\/mitue.de\/index.php?rest_route=\/wp\/v2\/posts"}],"about":[{"href":"https:\/\/mitue.de\/index.php?rest_route=\/wp\/v2\/types\/post"}],"author":[{"embeddable":true,"href":"https:\/\/mitue.de\/index.php?rest_route=\/wp\/v2\/users\/1"}],"replies":[{"embeddable":true,"href":"https:\/\/mitue.de\/index.php?rest_route=%2Fwp%2Fv2%2Fcomments&post=7370"}],"version-history":[{"count":2,"href":"https:\/\/mitue.de\/index.php?rest_route=\/wp\/v2\/posts\/7370\/revisions"}],"predecessor-version":[{"id":7372,"href":"https:\/\/mitue.de\/index.php?rest_route=\/wp\/v2\/posts\/7370\/revisions\/7372"}],"wp:attachment":[{"href":"https:\/\/mitue.de\/index.php?rest_route=%2Fwp%2Fv2%2Fmedia&parent=7370"}],"wp:term":[{"taxonomy":"category","embeddable":true,"href":"https:\/\/mitue.de\/index.php?rest_route=%2Fwp%2Fv2%2Fcategories&post=7370"},{"taxonomy":"post_tag","embeddable":true,"href":"https:\/\/mitue.de\/index.php?rest_route=%2Fwp%2Fv2%2Ftags&post=7370"}],"curies":[{"name":"wp","href":"https:\/\/api.w.org\/{rel}","templated":true}]}}