{"id":7425,"date":"2020-01-08T15:34:18","date_gmt":"2020-01-08T14:34:18","guid":{"rendered":"http:\/\/mitue.de\/?p=7425"},"modified":"2020-01-08T15:35:46","modified_gmt":"2020-01-08T14:35:46","slug":"spaziergaenge-in-mailand-4-pac","status":"publish","type":"post","link":"https:\/\/mitue.de\/?p=7425","title":{"rendered":"Spazierg\u00e4nge in Mailand (5) &#8211; PAC"},"content":{"rendered":"<p><a href=\"https:\/\/www.flickr.com\/photos\/mitue\/49350001196\/in\/dateposted\/\" title=\"M059 PAC\"><img loading=\"lazy\" decoding=\"async\" src=\"https:\/\/live.staticflickr.com\/65535\/49350001196_f8638e8d52.jpg\" width=\"500\" height=\"333\" alt=\"M059 PAC\"><\/a><\/p>\n<p><a href=\"http:\/\/www.turismo.milano.it\/wps\/portal\/tur\/de\/arteecultura\/spaziculturali\/pac_padiglione_arte_contemporanea\">PAC<\/a> &#8211; Der Pavillon f\u00fcr zeitgen\u00f6ssische Kunst ist schon von au\u00dfen sehenswert und, wenn man sich dann entschlie\u00dft die Ausstellung anzusehen, braucht man &#8211; und das ist wirklich selten bei kulturellen Einrichtungen in Mailand &#8211; nicht anzustehen.<\/p>\n<p><a href=\"https:\/\/www.flickr.com\/photos\/mitue\/49350207732\/in\/dateposted\/\" title=\"M063 PAC\"><img loading=\"lazy\" decoding=\"async\" src=\"https:\/\/live.staticflickr.com\/65535\/49350207732_c32aa96145.jpg\" width=\"500\" height=\"286\" alt=\"M063 PAC\"><\/a><\/p>\n<p><a href=\"https:\/\/www.flickr.com\/photos\/mitue\/49349541658\/in\/dateposted\/\" title=\"M060 PAC\"><img loading=\"lazy\" decoding=\"async\" src=\"https:\/\/live.staticflickr.com\/65535\/49349541658_94a213bb3e.jpg\" width=\"500\" height=\"310\" alt=\"M060 PAC\"><\/a><\/p>\n<p><a href=\"https:\/\/www.flickr.com\/photos\/mitue\/49349542368\/in\/dateposted\/\" title=\"I Sette Savi\"><img loading=\"lazy\" decoding=\"async\" src=\"https:\/\/live.staticflickr.com\/65535\/49349542368_a144c74afa.jpg\" width=\"500\" height=\"336\" alt=\"I Sette Savi\"><\/a><br \/>\nDie sieben Weisen (<a href=\"https:\/\/www.fondazionefaustomelotti.org\/en\/biography\/\">Fausto Melotti<\/a>, 1981)<\/p>\n","protected":false},"excerpt":{"rendered":"<p>PAC &#8211; Der Pavillon f\u00fcr zeitgen\u00f6ssische Kunst ist schon von au\u00dfen sehenswert und, wenn man sich dann entschlie\u00dft die Ausstellung anzusehen, braucht man &#8211; und das ist wirklich selten bei kulturellen Einrichtungen in Mailand &#8211; nicht anzustehen. Die sieben Weisen (Fausto Melotti, 1981)<\/p>\n","protected":false},"author":1,"featured_media":0,"comment_status":"open","ping_status":"closed","sticky":false,"template":"","format":"standard","meta":{"footnotes":""},"categories":[7],"tags":[711],"class_list":["post-7425","post","type-post","status-publish","format-standard","hentry","category-jwd","tag-mailand"],"_links":{"self":[{"href":"https:\/\/mitue.de\/index.php?rest_route=\/wp\/v2\/posts\/7425","targetHints":{"allow":["GET"]}}],"collection":[{"href":"https:\/\/mitue.de\/index.php?rest_route=\/wp\/v2\/posts"}],"about":[{"href":"https:\/\/mitue.de\/index.php?rest_route=\/wp\/v2\/types\/post"}],"author":[{"embeddable":true,"href":"https:\/\/mitue.de\/index.php?rest_route=\/wp\/v2\/users\/1"}],"replies":[{"embeddable":true,"href":"https:\/\/mitue.de\/index.php?rest_route=%2Fwp%2Fv2%2Fcomments&post=7425"}],"version-history":[{"count":4,"href":"https:\/\/mitue.de\/index.php?rest_route=\/wp\/v2\/posts\/7425\/revisions"}],"predecessor-version":[{"id":7430,"href":"https:\/\/mitue.de\/index.php?rest_route=\/wp\/v2\/posts\/7425\/revisions\/7430"}],"wp:attachment":[{"href":"https:\/\/mitue.de\/index.php?rest_route=%2Fwp%2Fv2%2Fmedia&parent=7425"}],"wp:term":[{"taxonomy":"category","embeddable":true,"href":"https:\/\/mitue.de\/index.php?rest_route=%2Fwp%2Fv2%2Fcategories&post=7425"},{"taxonomy":"post_tag","embeddable":true,"href":"https:\/\/mitue.de\/index.php?rest_route=%2Fwp%2Fv2%2Ftags&post=7425"}],"curies":[{"name":"wp","href":"https:\/\/api.w.org\/{rel}","templated":true}]}}