{"id":7453,"date":"2020-01-19T17:13:54","date_gmt":"2020-01-19T16:13:54","guid":{"rendered":"http:\/\/mitue.de\/?p=7453"},"modified":"2020-01-19T17:13:54","modified_gmt":"2020-01-19T16:13:54","slug":"die-gruendungsvaeter-des-grossen-schauspielhauses","status":"publish","type":"post","link":"https:\/\/mitue.de\/?p=7453","title":{"rendered":"Die Gr\u00fcndungsv\u00e4ter des Gro\u00dfen Schauspielhauses"},"content":{"rendered":"<p><a href=\"https:\/\/www.flickr.com\/photos\/mitue\/49409452987\/in\/dateposted\/\" title=\"Denkzeichen 1\"><img loading=\"lazy\" decoding=\"async\" src=\"https:\/\/live.staticflickr.com\/65535\/49409452987_90832d8238.jpg\" width=\"500\" height=\"375\" alt=\"Denkzeichen 1\"><\/a><\/p>\n<p>Das Denkzeichen f\u00fcr die Gr\u00fcndungsv\u00e4ter des Friedrichstadt-Palastes ist ein 2015 enth\u00fclltes Denkmal und steht an der Friedrichstra\u00dfe 107 im Berliner Ortsteil Mitte.<br \/>\nDer schlicht gestaltete aus Gussbeton geformte Block ist das Ergebnis eines K\u00fcnstlerwettbewerbs, den das Berliner Duo stoebo \u2013 Oliver St\u00f6rmer &#038; Cisca Bogman \u2013 gewonnen hatte. Der Gedenkblock zeigt als Auff\u00e4lligkeit auf zwei Seiten einen symbolhaften eingeschnittenen Scheinwerferkegel. Die imagin\u00e4re Lichtprojektion wird auf der Stra\u00dfe in ovaler Fl\u00e4che fortgesetzt, die Glitzereffekte aufweist. Das Denkzeichen symbolisiert somit den imagin\u00e4ren Lichtstrahl eines Theaterscheinwerfers und verweist auf das Fehlen der Geehrten.<br \/>\n(mehr <a href=\"https:\/\/de.wikipedia.org\/wiki\/Denkzeichen_f\u00fcr_die_Gr\u00fcndungsv\u00e4ter_des_Friedrichstadt-Palastes\">hier<\/a>)<\/p>\n<p><a href=\"https:\/\/www.flickr.com\/photos\/mitue\/49408776793\/in\/dateposted\/\" title=\"Denkzeichen 5\"><img loading=\"lazy\" decoding=\"async\" src=\"https:\/\/live.staticflickr.com\/65535\/49408776793_f699a49497.jpg\" width=\"500\" height=\"375\" alt=\"Denkzeichen 5\"><\/a><br \/>\nMax Reinhardt<\/p>\n<p><a href=\"https:\/\/www.flickr.com\/photos\/mitue\/49408777163\/in\/photostream\/\" title=\"Denkzeichen 4\"><img loading=\"lazy\" decoding=\"async\" src=\"https:\/\/live.staticflickr.com\/65535\/49408777163_dc6c424a72.jpg\" width=\"500\" height=\"375\" alt=\"Denkzeichen 4\"><\/a><br \/>\nHans Poelzig<\/p>\n<p><a href=\"https:\/\/www.flickr.com\/photos\/mitue\/49409252496\/in\/photostream\/\" title=\"Denkzeichen 3\"><img loading=\"lazy\" decoding=\"async\" src=\"https:\/\/live.staticflickr.com\/65535\/49409252496_efecac2e95.jpg\" width=\"500\" height=\"375\" alt=\"Denkzeichen 3\"><\/a><br \/>\nErik Charell<\/p>\n","protected":false},"excerpt":{"rendered":"<p>Das Denkzeichen f\u00fcr die Gr\u00fcndungsv\u00e4ter des Friedrichstadt-Palastes ist ein 2015 enth\u00fclltes Denkmal und steht an der Friedrichstra\u00dfe 107 im Berliner Ortsteil Mitte. Der schlicht gestaltete aus Gussbeton geformte Block ist das Ergebnis eines K\u00fcnstlerwettbewerbs, den das Berliner Duo stoebo \u2013 Oliver St\u00f6rmer &#038; Cisca Bogman \u2013 gewonnen hatte. Der Gedenkblock zeigt als Auff\u00e4lligkeit auf zwei [&hellip;]<\/p>\n","protected":false},"author":1,"featured_media":0,"comment_status":"open","ping_status":"closed","sticky":false,"template":"","format":"standard","meta":{"footnotes":""},"categories":[4],"tags":[],"class_list":["post-7453","post","type-post","status-publish","format-standard","hentry","category-berlin"],"_links":{"self":[{"href":"https:\/\/mitue.de\/index.php?rest_route=\/wp\/v2\/posts\/7453","targetHints":{"allow":["GET"]}}],"collection":[{"href":"https:\/\/mitue.de\/index.php?rest_route=\/wp\/v2\/posts"}],"about":[{"href":"https:\/\/mitue.de\/index.php?rest_route=\/wp\/v2\/types\/post"}],"author":[{"embeddable":true,"href":"https:\/\/mitue.de\/index.php?rest_route=\/wp\/v2\/users\/1"}],"replies":[{"embeddable":true,"href":"https:\/\/mitue.de\/index.php?rest_route=%2Fwp%2Fv2%2Fcomments&post=7453"}],"version-history":[{"count":1,"href":"https:\/\/mitue.de\/index.php?rest_route=\/wp\/v2\/posts\/7453\/revisions"}],"predecessor-version":[{"id":7454,"href":"https:\/\/mitue.de\/index.php?rest_route=\/wp\/v2\/posts\/7453\/revisions\/7454"}],"wp:attachment":[{"href":"https:\/\/mitue.de\/index.php?rest_route=%2Fwp%2Fv2%2Fmedia&parent=7453"}],"wp:term":[{"taxonomy":"category","embeddable":true,"href":"https:\/\/mitue.de\/index.php?rest_route=%2Fwp%2Fv2%2Fcategories&post=7453"},{"taxonomy":"post_tag","embeddable":true,"href":"https:\/\/mitue.de\/index.php?rest_route=%2Fwp%2Fv2%2Ftags&post=7453"}],"curies":[{"name":"wp","href":"https:\/\/api.w.org\/{rel}","templated":true}]}}