{"id":7542,"date":"2020-03-11T10:56:55","date_gmt":"2020-03-11T09:56:55","guid":{"rendered":"http:\/\/mitue.de\/?p=7542"},"modified":"2020-03-11T10:56:55","modified_gmt":"2020-03-11T09:56:55","slug":"verletzbare-subjekte","status":"publish","type":"post","link":"https:\/\/mitue.de\/?p=7542","title":{"rendered":"Verletzbare Subjekte"},"content":{"rendered":"<p><a href=\"https:\/\/www.rbb-online.de\/rbbkultur\/radio\/programm\/schema\/sendungen\/rbbkultur_am_vormittag\/archiv\/20200118_0935\/geschmackssache_1030.html\">Verletzbar oder verletzlich<\/a> \u2013 wer ist das nicht? Die einen zeigen \u2013 gewollt oder ungewollt \u2013 ihre Verletzbarkeit, andere verstecken sie hinter einer Maske aus H\u00e4rte. Mehrere Semester lang befassten sich die K\u00fcnstlerin und Professorin Peggy Buth und ihre Studierenden an der HGB &#8211; Hochschule f\u00fcr Grafik und Buchkunst in Leipzig mit diesem Thema.<br \/>\nJetzt zeigen \u00fcber 30 Studierende und Absolventen in der <a href=\"https:\/\/www.zitadelle-berlin.de\/ausstellungen\/verletzbare-subjekte\/\">Zitadelle Spandau<\/a>, wie sie es k\u00fcnstlerisch umgesetzt haben.<\/p>\n<p><a href=\"https:\/\/www.flickr.com\/photos\/mitue\/49647158736\/in\/dateposted\/\" title=\"verletzbar3\"><img loading=\"lazy\" decoding=\"async\" src=\"https:\/\/live.staticflickr.com\/65535\/49647158736_aba89486ff.jpg\" width=\"500\" height=\"281\" alt=\"verletzbar3\"><\/a><\/p>\n","protected":false},"excerpt":{"rendered":"<p>Verletzbar oder verletzlich \u2013 wer ist das nicht? Die einen zeigen \u2013 gewollt oder ungewollt \u2013 ihre Verletzbarkeit, andere verstecken sie hinter einer Maske aus H\u00e4rte. Mehrere Semester lang befassten sich die K\u00fcnstlerin und Professorin Peggy Buth und ihre Studierenden an der HGB &#8211; Hochschule f\u00fcr Grafik und Buchkunst in Leipzig mit diesem Thema. Jetzt [&hellip;]<\/p>\n","protected":false},"author":1,"featured_media":0,"comment_status":"open","ping_status":"closed","sticky":false,"template":"","format":"standard","meta":{"footnotes":""},"categories":[5],"tags":[],"class_list":["post-7542","post","type-post","status-publish","format-standard","hentry","category-ausstellungen"],"_links":{"self":[{"href":"https:\/\/mitue.de\/index.php?rest_route=\/wp\/v2\/posts\/7542","targetHints":{"allow":["GET"]}}],"collection":[{"href":"https:\/\/mitue.de\/index.php?rest_route=\/wp\/v2\/posts"}],"about":[{"href":"https:\/\/mitue.de\/index.php?rest_route=\/wp\/v2\/types\/post"}],"author":[{"embeddable":true,"href":"https:\/\/mitue.de\/index.php?rest_route=\/wp\/v2\/users\/1"}],"replies":[{"embeddable":true,"href":"https:\/\/mitue.de\/index.php?rest_route=%2Fwp%2Fv2%2Fcomments&post=7542"}],"version-history":[{"count":1,"href":"https:\/\/mitue.de\/index.php?rest_route=\/wp\/v2\/posts\/7542\/revisions"}],"predecessor-version":[{"id":7543,"href":"https:\/\/mitue.de\/index.php?rest_route=\/wp\/v2\/posts\/7542\/revisions\/7543"}],"wp:attachment":[{"href":"https:\/\/mitue.de\/index.php?rest_route=%2Fwp%2Fv2%2Fmedia&parent=7542"}],"wp:term":[{"taxonomy":"category","embeddable":true,"href":"https:\/\/mitue.de\/index.php?rest_route=%2Fwp%2Fv2%2Fcategories&post=7542"},{"taxonomy":"post_tag","embeddable":true,"href":"https:\/\/mitue.de\/index.php?rest_route=%2Fwp%2Fv2%2Ftags&post=7542"}],"curies":[{"name":"wp","href":"https:\/\/api.w.org\/{rel}","templated":true}]}}