{"id":7583,"date":"2020-03-31T15:31:21","date_gmt":"2020-03-31T14:31:21","guid":{"rendered":"http:\/\/mitue.de\/?p=7583"},"modified":"2022-01-01T17:13:40","modified_gmt":"2022-01-01T16:13:40","slug":"holzskulpturen-im-tiergarten","status":"publish","type":"post","link":"https:\/\/mitue.de\/?p=7583","title":{"rendered":"Holzskulpturen im Tiergarten"},"content":{"rendered":"<p><a href=\"https:\/\/www.maz-online.de\/Lokales\/Bildergalerien-Region\/2018\/12\/Kunst-im-Tiergarten-Koenigs-Wusterhausen\">Kunst im Tiergarten K\u00f6nigs Wusterhausen<\/a><\/p>\n<p><a href=\"https:\/\/www.flickr.com\/photos\/mitue\/49716577378\/in\/dateposted\/\" title=\"J\u00e4ger4\"><img loading=\"lazy\" decoding=\"async\" src=\"https:\/\/live.staticflickr.com\/65535\/49716577378_92de3ca6db.jpg\" width=\"500\" height=\"375\" alt=\"J\u00e4ger4\"><\/a><br \/>\nJ\u00e4ger<\/p>\n<p><a href=\"https:\/\/www.flickr.com\/photos\/mitue\/49717432437\/in\/dateposted\/\" title=\"F\u00e4hrmann2\"><img loading=\"lazy\" decoding=\"async\" src=\"https:\/\/live.staticflickr.com\/65535\/49717432437_c6af6c045f.jpg\" width=\"500\" height=\"375\" alt=\"F\u00e4hrmann2\"><\/a><br \/>\nF\u00e4hrmann<\/p>\n<p><a href=\"https:\/\/www.flickr.com\/photos\/mitue\/45683546444\/in\/photolist-2iKhsmA-2iKkdjp-2iKhsx2-2iKhsC2-2iKmQwZ-2iKhsRd-2iKkdA1-2iKmQDh-2ikgu9D-2ikfka2-2ikcS7R-2ikcRSY-2dGPacK-2cAU7Lu-2cAU8Y9-2cAU8yS-K9zCwH-L5ZJX8-L3bDQS-KDLK2N-K9zEpa\" title=\"Senzig\"><img loading=\"lazy\" decoding=\"async\" src=\"https:\/\/live.staticflickr.com\/4917\/45683546444_a608e3324b.jpg\" width=\"500\" height=\"500\" alt=\"Senzig\"><\/a><br \/>\nFischer<\/p>\n<p><a href=\"https:\/\/www.flickr.com\/photos\/mitue\/49444085048\/in\/photolist-2iKhsmA-2iKkdjp-2iKhsx2-2iKhsC2-2iKmQwZ-2iKhsRd-2iKkdA1-2iKmQDh-2ikgu9D-2ikfka2-2ikcS7R-2ikcRSY-2dGPacK-2cAU7Lu-2cAU8Y9-2cAU8yS-K9zCwH-L5ZJX8-L3bDQS-KDLK2N-K9zEpa\" title=\"Freiherr von Gundling\"><img loading=\"lazy\" decoding=\"async\" src=\"https:\/\/live.staticflickr.com\/65535\/49444085048_19962732f9.jpg\" width=\"500\" height=\"500\" alt=\"Freiherr von Gundling\"><\/a><br \/>\nAkademiker<\/p>\n<p><a href=\"https:\/\/www.flickr.com\/photos\/mitue\/45683549134\/in\/photolist-2iKhsmA-2iKkdjp-2iKhsx2-2iKhsC2-2iKmQwZ-2iKhsRd-2iKkdA1-2iKmQDh-2ikgu9D-2ikfka2-2ikcS7R-2ikcRSY-2dGPacK-2cAU7Lu-2cAU8Y9-2cAU8yS-K9zCwH-L5ZJX8-L3bDQS-KDLK2N-K9zEpa\" title=\"Kirchsteig\"><img loading=\"lazy\" decoding=\"async\" src=\"https:\/\/live.staticflickr.com\/4866\/45683549134_12e0752a92.jpg\" width=\"500\" height=\"375\" alt=\"Kirchsteig\"><\/a><br \/>\nLanger Kerl mit Kirchg\u00e4ngern<\/p>\n","protected":false},"excerpt":{"rendered":"<p>Kunst im Tiergarten K\u00f6nigs Wusterhausen J\u00e4ger F\u00e4hrmann Fischer Akademiker Langer Kerl mit Kirchg\u00e4ngern<\/p>\n","protected":false},"author":1,"featured_media":0,"comment_status":"open","ping_status":"closed","sticky":false,"template":"","format":"standard","meta":{"footnotes":""},"categories":[27],"tags":[659,730],"class_list":["post-7583","post","type-post","status-publish","format-standard","hentry","category-berliner-umgebung","tag-koenigs-wusterhausen","tag-skulpturenpfad"],"_links":{"self":[{"href":"https:\/\/mitue.de\/index.php?rest_route=\/wp\/v2\/posts\/7583","targetHints":{"allow":["GET"]}}],"collection":[{"href":"https:\/\/mitue.de\/index.php?rest_route=\/wp\/v2\/posts"}],"about":[{"href":"https:\/\/mitue.de\/index.php?rest_route=\/wp\/v2\/types\/post"}],"author":[{"embeddable":true,"href":"https:\/\/mitue.de\/index.php?rest_route=\/wp\/v2\/users\/1"}],"replies":[{"embeddable":true,"href":"https:\/\/mitue.de\/index.php?rest_route=%2Fwp%2Fv2%2Fcomments&post=7583"}],"version-history":[{"count":2,"href":"https:\/\/mitue.de\/index.php?rest_route=\/wp\/v2\/posts\/7583\/revisions"}],"predecessor-version":[{"id":7585,"href":"https:\/\/mitue.de\/index.php?rest_route=\/wp\/v2\/posts\/7583\/revisions\/7585"}],"wp:attachment":[{"href":"https:\/\/mitue.de\/index.php?rest_route=%2Fwp%2Fv2%2Fmedia&parent=7583"}],"wp:term":[{"taxonomy":"category","embeddable":true,"href":"https:\/\/mitue.de\/index.php?rest_route=%2Fwp%2Fv2%2Fcategories&post=7583"},{"taxonomy":"post_tag","embeddable":true,"href":"https:\/\/mitue.de\/index.php?rest_route=%2Fwp%2Fv2%2Ftags&post=7583"}],"curies":[{"name":"wp","href":"https:\/\/api.w.org\/{rel}","templated":true}]}}