{"id":7680,"date":"2020-04-29T18:32:52","date_gmt":"2020-04-29T17:32:52","guid":{"rendered":"http:\/\/mitue.de\/?p=7680"},"modified":"2020-10-11T14:44:27","modified_gmt":"2020-10-11T13:44:27","slug":"immer-am-buecherregal-entlang-9","status":"publish","type":"post","link":"https:\/\/mitue.de\/?p=7680","title":{"rendered":"Immer am B\u00fccherregal entlang (9)"},"content":{"rendered":"<p><a href=\"https:\/\/www.flickr.com\/photos\/mitue\/49834548887\/in\/dateposted\/\" title=\"horlbeck 1\"><img loading=\"lazy\" decoding=\"async\" src=\"https:\/\/live.staticflickr.com\/65535\/49834548887_52603700ce.jpg\" width=\"429\" height=\"500\" alt=\"horlbeck 1\"><\/a><\/p>\n<blockquote><p>Ein Horlbeck-Buch<\/p>\n<p>Die \u00dcberschrift entspricht nicht vollst\u00e4ndig den Tatsachen, denn genaugenommen handelt es sich um eine Auswahl aus der Lyrik von Christian Morgenstern, die der Leipziger Reclam Verlag unter dem Titel \u201eNeue Bildungen, der Natur vorgeschlagen\u201c vor kurzem (im Titel steht 1978) herausgegeben hat. Das buchk\u00fcnstlerisch Besondere dieses sch\u00f6nen Bandes (Gestaltung Walter Schiller), den Heinz Czechowski (mit einem Nachwort von Diether Schmidt) verantwortet, sind die ganzseitigen, drucktechnisch vorz\u00fcglich gelungenen Reproduktionen nach 12 Zeichnungen und 9 Radierungen des Leipziger Graphikers G\u00fcnter Horlbeck. Der K\u00fcnstler, zugeh\u00f6rig dem Jahrgang 1927 und Inhaber einer Professur an der Dresdener Kunsthochschule, demonstriert in den Arbeiten, parallel zu Morgenstern, die Fabulierlust und das Spielerische seiner Linienkunst.<br \/>\nHorlbeck zeichnet kristallinische Traumlandschaften aus frei schwebenden Linien. Bei allem \u00e4sthetischen Raffinement, das in dieser Kunst lebt; wirken sie einfach, spontan hingeschrieben und zugleich diszipliniert. Die Bl\u00e4tter haben eine merkw\u00fcrdige Verwandtschaft zu Zeichnungen des Federico Garc\u00eda Lorca, die aber Horlbeck kaum bekannt sein d\u00fcrften.<br \/>\nEs gibt nicht sehr viele belangvolle graphische Antworten auf die Lyrik Morgensterns, vieles ist &#8211; gr\u00fcndlich mi\u00dfverstanden &#8211; ins blo\u00df Spa\u00dfige, ins Nach\u00e4ffen gerutscht. Horlbeck reagiert mit einer eigenen Bildwelt, die nicht als Illustration aufgenommen werden darf, sondern wie eine freie Interpretation gelesen sein will<br \/>\n(Lothar Lang in der Weltb\u00fchne 26\/1979) <\/p><\/blockquote>\n<p><a href=\"https:\/\/www.flickr.com\/photos\/mitue\/49834548572\/in\/photostream\/\" title=\"horlbeck 2\"><img loading=\"lazy\" decoding=\"async\" src=\"https:\/\/live.staticflickr.com\/65535\/49834548572_1becec6041.jpg\" width=\"404\" height=\"500\" alt=\"horlbeck 2\"><\/a><\/p>\n<p><a href=\"https:\/\/www.flickr.com\/photos\/mitue\/49833706133\/in\/photostream\/\" title=\"horlbeck 3\"><img loading=\"lazy\" decoding=\"async\" src=\"https:\/\/live.staticflickr.com\/65535\/49833706133_d1e6ab5b54.jpg\" width=\"418\" height=\"500\" alt=\"horlbeck 3\"><\/a><\/p>\n<p><a href=\"https:\/\/www.flickr.com\/photos\/mitue\/49834243366\/in\/photostream\/\" title=\"horlbeck 4\"><img loading=\"lazy\" decoding=\"async\" src=\"https:\/\/live.staticflickr.com\/65535\/49834243366_e955586d5e.jpg\" width=\"415\" height=\"500\" alt=\"horlbeck 4\"><\/a><\/p>\n","protected":false},"excerpt":{"rendered":"<p>Ein Horlbeck-Buch Die \u00dcberschrift entspricht nicht vollst\u00e4ndig den Tatsachen, denn genaugenommen handelt es sich um eine Auswahl aus der Lyrik von Christian Morgenstern, die der Leipziger Reclam Verlag unter dem Titel \u201eNeue Bildungen, der Natur vorgeschlagen\u201c vor kurzem (im Titel steht 1978) herausgegeben hat. Das buchk\u00fcnstlerisch Besondere dieses sch\u00f6nen Bandes (Gestaltung Walter Schiller), den Heinz [&hellip;]<\/p>\n","protected":false},"author":1,"featured_media":0,"comment_status":"open","ping_status":"closed","sticky":false,"template":"","format":"standard","meta":{"footnotes":""},"categories":[4],"tags":[715,714],"class_list":["post-7680","post","type-post","status-publish","format-standard","hentry","category-berlin","tag-meine-bibliothek","tag-spaziergang-durch-die-wohnung"],"_links":{"self":[{"href":"https:\/\/mitue.de\/index.php?rest_route=\/wp\/v2\/posts\/7680","targetHints":{"allow":["GET"]}}],"collection":[{"href":"https:\/\/mitue.de\/index.php?rest_route=\/wp\/v2\/posts"}],"about":[{"href":"https:\/\/mitue.de\/index.php?rest_route=\/wp\/v2\/types\/post"}],"author":[{"embeddable":true,"href":"https:\/\/mitue.de\/index.php?rest_route=\/wp\/v2\/users\/1"}],"replies":[{"embeddable":true,"href":"https:\/\/mitue.de\/index.php?rest_route=%2Fwp%2Fv2%2Fcomments&post=7680"}],"version-history":[{"count":4,"href":"https:\/\/mitue.de\/index.php?rest_route=\/wp\/v2\/posts\/7680\/revisions"}],"predecessor-version":[{"id":7684,"href":"https:\/\/mitue.de\/index.php?rest_route=\/wp\/v2\/posts\/7680\/revisions\/7684"}],"wp:attachment":[{"href":"https:\/\/mitue.de\/index.php?rest_route=%2Fwp%2Fv2%2Fmedia&parent=7680"}],"wp:term":[{"taxonomy":"category","embeddable":true,"href":"https:\/\/mitue.de\/index.php?rest_route=%2Fwp%2Fv2%2Fcategories&post=7680"},{"taxonomy":"post_tag","embeddable":true,"href":"https:\/\/mitue.de\/index.php?rest_route=%2Fwp%2Fv2%2Ftags&post=7680"}],"curies":[{"name":"wp","href":"https:\/\/api.w.org\/{rel}","templated":true}]}}