{"id":786,"date":"2009-10-29T19:57:08","date_gmt":"2009-10-29T18:57:08","guid":{"rendered":"http:\/\/mitue.de\/?p=786"},"modified":"2009-10-29T19:57:36","modified_gmt":"2009-10-29T18:57:36","slug":"ein-fest-der-malerei","status":"publish","type":"post","link":"https:\/\/mitue.de\/?p=786","title":{"rendered":"Ein Fest der Malerei"},"content":{"rendered":"<p><a href=\"http:\/\/kunstmagazinberlin.de\/event\/3120-werner-tuebke-retrospektive-zum-80-geburtstag\">T\u00fcbke &#8211; Retrospektive zum 80.<\/a> im Kunstforum der Volksbank<\/p>\n<blockquote><p>Ein Fest der Malerei ist hier zu konsumieren. Zeichnerische Virtuosit\u00e4t als Grundlage aller Kompositionen, komplex verschlungene Massenregie und aufgl\u00fchende Einzelfiguren, raffinierte Farbtechnik von fein ziselierter Pinselpunktierung bis zum strahlend glatten Oberfl\u00e4chenschmelz, lebensechte K\u00f6rper und knisternde Stoffe, dunstig schimmernde Landschaften, in ihrem Realismus fast von der Leinwand fallende Gegenst\u00e4nde, vor allem aber der Mensch in ganz unterschiedlichen Zust\u00e4nden der Existenz &#8211; das alles wird bestaunen, wer Augen hat zu schauen. Man kann sich nicht sattsehen an den malerischen Sensationen, die dieser K\u00fcnstler bietet, an den altdeutschen Lasuren, der barocken Bilddramatik oder den manieristisch verdrehten Figuren: ein vibrierendes Pantheon der Kunst.<br \/>\n(S. Preuss in der Berliner Zeitung, mehr<a href=\"http:\/\/www.berlinonline.de\/berliner-zeitung\/archiv\/.bin\/dump.fcgi\/2009\/1012\/feuilleton\/0008\/index.html\"> hier<\/a>)<\/p><\/blockquote>\n<p><a title=\"Venedig by mitue, on Flickr\" href=\"http:\/\/www.flickr.com\/photos\/mitue\/4050335399\/\"><img loading=\"lazy\" decoding=\"async\" src=\"http:\/\/farm3.static.flickr.com\/2489\/4050335399_2b4567c86d.jpg\" border=\"0\" alt=\"Venedig\" width=\"431\" height=\"500\" \/><\/a><br \/>\nIn Venedig, 1973<\/p>\n<blockquote><p>Werner T\u00fcbkes erste Italienreise datiert in das Jahr 1971. Der Mail\u00e4nder Kunsth\u00e4ndler und Kunsthistoriker Emilio Bertonati organisierte die erste Wanderausstellung mit Werken des Leipziger K\u00fcnstlers in Italien, die im Sommer 1971 in dessen Mail\u00e4nder \u201eGalleria del Levante\u201c zu sehen war und im Anschluss noch in Brescia, Rom, Modena und Florenz pr\u00e4sentiert wurde.<br \/>\n&#8230;<br \/>\nSp\u00e4tere Reisen f\u00fchrten ihn nach Venedig, Florenz, Rom, Neapel, Ischia, Capri und Pompeji bis nach Sizilien. Noch zu DDR-Zeiten unternahm T\u00fcbke sieben Italienfahrten, seit den fr\u00fchen neunziger Jahren zog es den Leipziger dann stets jedes Jahr, in der Regel gleich mehrere Wochen, in den mediterranen Kulturraum.<br \/>\n(<a href=\"http:\/\/www.panorama-museum.de\/html\/werner_tubke1.html\">hier<\/a>)<\/p><\/blockquote>\n<p><a title=\"Madonna an Wand by mitue, on Flickr\" href=\"http:\/\/www.flickr.com\/photos\/mitue\/4034788873\/\"><img loading=\"lazy\" decoding=\"async\" src=\"http:\/\/farm3.static.flickr.com\/2486\/4034788873_b2a87b7247.jpg\" border=\"0\" alt=\"Madonna an Wand\" width=\"500\" height=\"333\" \/><\/a><\/p>\n<p>T\u00fcbke hatte offensichtlich auch eine Empf\u00e4nglichkeit f\u00fcr den Ziegelstein in Venedig, f\u00fcr sein Rot, das dem entz\u00fcndeter Muskeln (<a href=\"http:\/\/www.litkara.de\/litblog.php?id=548\">Brodsky<\/a>) gleicht.<\/p>\n","protected":false},"excerpt":{"rendered":"<p>T\u00fcbke &#8211; Retrospektive zum 80. im Kunstforum der Volksbank Ein Fest der Malerei ist hier zu konsumieren. Zeichnerische Virtuosit\u00e4t als Grundlage aller Kompositionen, komplex verschlungene Massenregie und aufgl\u00fchende Einzelfiguren, raffinierte Farbtechnik von fein ziselierter Pinselpunktierung bis zum strahlend glatten Oberfl\u00e4chenschmelz, lebensechte K\u00f6rper und knisternde Stoffe, dunstig schimmernde Landschaften, in ihrem Realismus fast von der Leinwand [&hellip;]<\/p>\n","protected":false},"author":1,"featured_media":0,"comment_status":"open","ping_status":"open","sticky":false,"template":"","format":"standard","meta":{"footnotes":""},"categories":[5],"tags":[192,205],"class_list":["post-786","post","type-post","status-publish","format-standard","hentry","category-ausstellungen","tag-venedig","tag-werner-tubke"],"_links":{"self":[{"href":"https:\/\/mitue.de\/index.php?rest_route=\/wp\/v2\/posts\/786","targetHints":{"allow":["GET"]}}],"collection":[{"href":"https:\/\/mitue.de\/index.php?rest_route=\/wp\/v2\/posts"}],"about":[{"href":"https:\/\/mitue.de\/index.php?rest_route=\/wp\/v2\/types\/post"}],"author":[{"embeddable":true,"href":"https:\/\/mitue.de\/index.php?rest_route=\/wp\/v2\/users\/1"}],"replies":[{"embeddable":true,"href":"https:\/\/mitue.de\/index.php?rest_route=%2Fwp%2Fv2%2Fcomments&post=786"}],"version-history":[{"count":2,"href":"https:\/\/mitue.de\/index.php?rest_route=\/wp\/v2\/posts\/786\/revisions"}],"predecessor-version":[{"id":788,"href":"https:\/\/mitue.de\/index.php?rest_route=\/wp\/v2\/posts\/786\/revisions\/788"}],"wp:attachment":[{"href":"https:\/\/mitue.de\/index.php?rest_route=%2Fwp%2Fv2%2Fmedia&parent=786"}],"wp:term":[{"taxonomy":"category","embeddable":true,"href":"https:\/\/mitue.de\/index.php?rest_route=%2Fwp%2Fv2%2Fcategories&post=786"},{"taxonomy":"post_tag","embeddable":true,"href":"https:\/\/mitue.de\/index.php?rest_route=%2Fwp%2Fv2%2Ftags&post=786"}],"curies":[{"name":"wp","href":"https:\/\/api.w.org\/{rel}","templated":true}]}}