{"id":8019,"date":"2020-11-05T17:51:48","date_gmt":"2020-11-05T16:51:48","guid":{"rendered":"https:\/\/mitue.de\/?p=8019"},"modified":"2020-11-05T17:53:14","modified_gmt":"2020-11-05T16:53:14","slug":"porzellan-im-koernerpark","status":"publish","type":"post","link":"https:\/\/mitue.de\/?p=8019","title":{"rendered":"Porzellan im K\u00f6rnerpark"},"content":{"rendered":"<p><a href=\"https:\/\/www.flickr.com\/photos\/mitue\/50569382408\/in\/dateposted\/\" title=\"Porzellan1\"><img loading=\"lazy\" decoding=\"async\" src=\"https:\/\/live.staticflickr.com\/65535\/50569382408_ab8e8d9b7d.jpg\" width=\"500\" height=\"375\" alt=\"Porzellan1\"><\/a><\/p>\n<blockquote><p>Normalerweise verliert der sonst so farbenpr\u00e4chtige <a href=\"https:\/\/www.berlin.de\/ba-neukoelln\/aktuelles\/pressemitteilungen\/2020\/pressemitteilung.1004091.php\">K\u00f6rnerpark<\/a> zum Ende des Sommers seine Leuchtkraft, wenn der pink bl\u00fchende Oleander und die gr\u00fcnen Palmen von der Terrasse vor der Galerie wegger\u00e4umt werden.<\/p>\n<p>Aber was ist dieses Jahr schon normal? Zum ersten Mal im Herbst geben eigens f\u00fcr die Gartenanlage geschaffene Kunstwerke dem K\u00f6rnerpark seine farbenfrohe Pracht zur\u00fcck. Inspiriert von der opulenten Ornamentik dieser neobarocken Oase gestalteten die K\u00fcnstlerinnen <a href=\"http:\/\/petschatnikov.de\">Maria und Natalia Petschatnikov<\/a> dekorative, mit phantasievollen historischen Motiven bemalte Blumenvasen, welche die Pl\u00e4tze der Pflanzenk\u00fcbel auf der vorderen Balustrade einnehmen. Die bauchigen Silhouetten spielen mit der Wahrnehmung und bewegen sich geradezu tanzend in unterschiedliche Richtungen. Indem diese geschwungenen, porzellan\u00e4hnlichen Vasen den Eindruck erwecken, miteinander zu kommunizieren, schaffen sie es, die Besucher*innen des K\u00f6rnerparks in eine magisch-tr\u00e4umerische Stimmung zu versetzen.<\/p><\/blockquote>\n<p><a href=\"https:\/\/www.flickr.com\/photos\/mitue\/50570265042\/in\/photostream\/\" title=\"Porzellan2\"><img loading=\"lazy\" decoding=\"async\" src=\"https:\/\/live.staticflickr.com\/65535\/50570265042_84e8ef875b.jpg\" width=\"500\" height=\"375\" alt=\"Porzellan2\"><\/a><\/p>\n<p><a href=\"https:\/\/www.flickr.com\/photos\/mitue\/50570264972\/in\/photostream\/\" title=\"Porzellan3\"><img loading=\"lazy\" decoding=\"async\" src=\"https:\/\/live.staticflickr.com\/65535\/50570264972_7489d83043.jpg\" width=\"500\" height=\"375\" alt=\"Porzellan3\"><\/a><\/p>\n","protected":false},"excerpt":{"rendered":"<p>Normalerweise verliert der sonst so farbenpr\u00e4chtige K\u00f6rnerpark zum Ende des Sommers seine Leuchtkraft, wenn der pink bl\u00fchende Oleander und die gr\u00fcnen Palmen von der Terrasse vor der Galerie wegger\u00e4umt werden. Aber was ist dieses Jahr schon normal? Zum ersten Mal im Herbst geben eigens f\u00fcr die Gartenanlage geschaffene Kunstwerke dem K\u00f6rnerpark seine farbenfrohe Pracht zur\u00fcck. [&hellip;]<\/p>\n","protected":false},"author":1,"featured_media":0,"comment_status":"open","ping_status":"closed","sticky":false,"template":"","format":"standard","meta":{"footnotes":""},"categories":[5],"tags":[633],"class_list":["post-8019","post","type-post","status-publish","format-standard","hentry","category-ausstellungen","tag-galerie-im-kornerpark"],"_links":{"self":[{"href":"https:\/\/mitue.de\/index.php?rest_route=\/wp\/v2\/posts\/8019","targetHints":{"allow":["GET"]}}],"collection":[{"href":"https:\/\/mitue.de\/index.php?rest_route=\/wp\/v2\/posts"}],"about":[{"href":"https:\/\/mitue.de\/index.php?rest_route=\/wp\/v2\/types\/post"}],"author":[{"embeddable":true,"href":"https:\/\/mitue.de\/index.php?rest_route=\/wp\/v2\/users\/1"}],"replies":[{"embeddable":true,"href":"https:\/\/mitue.de\/index.php?rest_route=%2Fwp%2Fv2%2Fcomments&post=8019"}],"version-history":[{"count":4,"href":"https:\/\/mitue.de\/index.php?rest_route=\/wp\/v2\/posts\/8019\/revisions"}],"predecessor-version":[{"id":8023,"href":"https:\/\/mitue.de\/index.php?rest_route=\/wp\/v2\/posts\/8019\/revisions\/8023"}],"wp:attachment":[{"href":"https:\/\/mitue.de\/index.php?rest_route=%2Fwp%2Fv2%2Fmedia&parent=8019"}],"wp:term":[{"taxonomy":"category","embeddable":true,"href":"https:\/\/mitue.de\/index.php?rest_route=%2Fwp%2Fv2%2Fcategories&post=8019"},{"taxonomy":"post_tag","embeddable":true,"href":"https:\/\/mitue.de\/index.php?rest_route=%2Fwp%2Fv2%2Ftags&post=8019"}],"curies":[{"name":"wp","href":"https:\/\/api.w.org\/{rel}","templated":true}]}}