{"id":8036,"date":"2020-11-14T16:46:27","date_gmt":"2020-11-14T15:46:27","guid":{"rendered":"https:\/\/mitue.de\/?p=8036"},"modified":"2020-11-14T16:56:27","modified_gmt":"2020-11-14T15:56:27","slug":"immer-am-buecherregal-entlang-16","status":"publish","type":"post","link":"https:\/\/mitue.de\/?p=8036","title":{"rendered":"Immer am B\u00fccherregal entlang (16)"},"content":{"rendered":"<p><a title=\"Schattenwelten\" href=\"https:\/\/www.flickr.com\/photos\/mitue\/50600300258\/in\/dateposted\/\"><img loading=\"lazy\" decoding=\"async\" class=\"aligncenter\" src=\"https:\/\/live.staticflickr.com\/65535\/50600300258_b901f3b043.jpg\" alt=\"Schattenwelten\" width=\"420\" height=\"500\" \/><\/a><\/p>\n<p>Im Jahre 2001 fand in der Galerie K\u00f6rnerpark die Ausstellung SCHATTENWELTEN zur Kulturgeschichte des Schattens statt.<\/p>\n<p style=\"text-align: center;\"><a title=\"Portr\u00e4t des K\u00fcnstlers als sein Schatten\" href=\"https:\/\/www.flickr.com\/photos\/mitue\/45266047092\/in\/album-72157603438526761\/\"><img loading=\"lazy\" decoding=\"async\" class=\"aligncenter\" src=\"https:\/\/live.staticflickr.com\/1945\/45266047092_23179bc69a.jpg\" alt=\"Portr\u00e4t des K\u00fcnstlers als sein Schatten\" width=\"500\" height=\"333\" \/><\/a><br \/>\nPortr\u00e4t des K\u00fcnstlers als sein Schatten<\/p>\n<blockquote><p>Wegbegleiter sind [Hans J\u00fcrgen von der Wense] in der Landschaft deutlich zuwider: Als er einmal &#8222;in Istrien auf den Monte Nevoso steigend dort einen Gesellen fand, der sich anschlo\u00df&#8220;, wurde er &#8211; wie er bekennt &#8211; &#8222;eifers\u00fcchtig bis zur Mordlust&#8220;: &#8222;Ich habe ihn versto\u00dfen&#8220;, sagt er &#8211; wohl auch, damit die unausweichliche Unterhaltung mit sich selbst, also der Verfertigung der Gedanken beim Wandern, nichts im Wege liege. Als reale Begleitung duldet der Solist allenfalls seinen Schatten.<br \/>\n(in Kunstforum M\u00e4rz\/April 2020, Die Neuentdeckung des anarchischen Wanderers Hans J\u00fcrgen von der Wende)<\/p><\/blockquote>\n<p><a title=\"8. Januar 2015\" href=\"https:\/\/www.flickr.com\/photos\/mitue\/16168411740\/in\/photolist-qCKkvE-qCKkMG-qViyRT-pYiugE-pYiucG-pYiu8J-qCSWit-qCJ6HE-pG86sf-oYN9EA-oqL4Ui-ooHZUZ-obtU7b-kEMmKb-kkRJSp-k2h5TT-k2jw8W-jDxNLG-jurRhR-jPb4uJ-iitzWR-hvYJnC-hvZXtd-fxNXSw-fbYCCv-eGWXfz-f4AP48-et74ih-efDtLc-dmATNd-dgpsJc-diwEAw-dbhXyq-djzJeT-cUFS59-cTYJz3-bythdW-bmHYXJ-bq9zzp-bq94EB-b68yh2-aFezij-aC4QvM-aC19SD-aAduJJ-awipbC-atXk15-atUEie-afkXYv-aeLw2q\"><img loading=\"lazy\" decoding=\"async\" class=\"aligncenter\" src=\"https:\/\/live.staticflickr.com\/8590\/16168411740_2a93607dcc.jpg\" alt=\"8. Januar 2015\" width=\"500\" height=\"376\" \/><\/a><\/p>\n<p style=\"text-align: center;\">Schlagschatten<\/p>\n<p style=\"text-align: center;\"><a title=\"Vom Fernsehturm 1\" href=\"https:\/\/www.flickr.com\/photos\/mitue\/3101009024\/in\/photolist-5J2tWQ-4PNiGP-4aiUcQ-abyf1Y-a21rBz-a21rYT-abysGN-9XJECa-9EzGez-9BfDTt-9D3TiN-9BfFdc-9BiypC-9BfESe-9rygNr-9rwMce-9rBnfb-9rwKme-9qT6kD-9mq1ne-9mpZqt-9hCpYk-9jaQzH-8Myftq-8HRuQb-8HSVqY-8Ai2Va-95XqTt-7Vw36J-7pbGEL-7bUsVY-76onof-79j1fP-79nS8J-73wgTN-6RRqGL-6J9UVf-6w4Lhc-6hY4bo-5XUctg-61LjNi-5REUpM-5xFKg6-5xFJXB-5tiikA-5pScbN-4PCBXq-4iD48v-48MdRW-3CZ5aF\"><img loading=\"lazy\" decoding=\"async\" class=\"aligncenter\" src=\"https:\/\/live.staticflickr.com\/3185\/3101009024_2d36de0d6d.jpg\" alt=\"Vom Fernsehturm 1\" width=\"375\" height=\"500\" \/><\/a><br \/>\nBerlin, Dezember 2008<\/p>\n<p style=\"text-align: center;\"><a title=\"Bedr\u00e4ngende Schatten\" href=\"https:\/\/www.flickr.com\/photos\/mitue\/395598165\/in\/photolist-8Myftq-8HRuQb-8HSVqY-8Ai2Va-95XqTt-7Vw36J-7pbGEL-7bUsVY-76onof-79j1fP-79nS8J-73wgTN-6RRqGL-6J9UVf-6w4Lhc-6hY4bo-5XUctg-61LjNi-5REUpM-5xFKg6-5xFJXB-5tiikA-5pScbN-4PCBXq-4iD48v-48MdRW-3CZ5aF-3D4siE-24tZRV-L9Jp3-F51Gu-EkckW-AXxy2-ua8oN-ua8Ls-s7aGv-qSxKc-qkpAZ-oHM97-ophBu-nadv5-knSx6-ebi82-ebibu-d4kHg-9Jkc5-8YsdF-8HVmt-7FJkm-7FHKa\" data-flickr-embed=\"true\"><img loading=\"lazy\" decoding=\"async\" class=\"aligncenter\" src=\"https:\/\/live.staticflickr.com\/164\/395598165_0fe01382ef.jpg\" alt=\"Bedr\u00e4ngende Schatten\" width=\"500\" height=\"401\" \/><\/a><br \/>\nbedr\u00e4ngende Schatten<\/p>\n<p style=\"text-align: center;\"><a title=\"Schattenplatz\" href=\"https:\/\/www.flickr.com\/photos\/mitue\/257114354\/in\/photolist-8Myftq-8HRuQb-8HSVqY-8Ai2Va-95XqTt-7Vw36J-7pbGEL-7bUsVY-76onof-79j1fP-79nS8J-73wgTN-6RRqGL-6J9UVf-6w4Lhc-6hY4bo-5XUctg-61LjNi-5REUpM-5xFKg6-5xFJXB-5tiikA-5pScbN-4PCBXq-4iD48v-48MdRW-3CZ5aF-3D4siE-24tZRV-L9Jp3-F51Gu-EkckW-AXxy2-ua8oN-ua8Ls-s7aGv-qSxKc-qkpAZ-oHM97-ophBu-nadv5-knSx6-ebi82-ebibu-d4kHg-9Jkc5-8YsdF-8HVmt-7FJkm-7FHKa\" data-flickr-embed=\"true\"><img loading=\"lazy\" decoding=\"async\" class=\"aligncenter\" src=\"https:\/\/live.staticflickr.com\/110\/257114354_e2a989453d.jpg\" alt=\"Schattenplatz\" width=\"500\" height=\"330\" \/><\/a><br \/>\ngenutzter Schatten<\/p>\n","protected":false},"excerpt":{"rendered":"<p>Im Jahre 2001 fand in der Galerie K\u00f6rnerpark die Ausstellung SCHATTENWELTEN zur Kulturgeschichte des Schattens statt. Portr\u00e4t des K\u00fcnstlers als sein Schatten Wegbegleiter sind [Hans J\u00fcrgen von der Wense] in der Landschaft deutlich zuwider: Als er einmal &#8222;in Istrien auf den Monte Nevoso steigend dort einen Gesellen fand, der sich anschlo\u00df&#8220;, wurde er &#8211; wie [&hellip;]<\/p>\n","protected":false},"author":1,"featured_media":0,"comment_status":"open","ping_status":"closed","sticky":false,"template":"","format":"standard","meta":{"footnotes":""},"categories":[5],"tags":[715,714],"class_list":["post-8036","post","type-post","status-publish","format-standard","hentry","category-ausstellungen","tag-meine-bibliothek","tag-spaziergang-durch-die-wohnung"],"_links":{"self":[{"href":"https:\/\/mitue.de\/index.php?rest_route=\/wp\/v2\/posts\/8036","targetHints":{"allow":["GET"]}}],"collection":[{"href":"https:\/\/mitue.de\/index.php?rest_route=\/wp\/v2\/posts"}],"about":[{"href":"https:\/\/mitue.de\/index.php?rest_route=\/wp\/v2\/types\/post"}],"author":[{"embeddable":true,"href":"https:\/\/mitue.de\/index.php?rest_route=\/wp\/v2\/users\/1"}],"replies":[{"embeddable":true,"href":"https:\/\/mitue.de\/index.php?rest_route=%2Fwp%2Fv2%2Fcomments&post=8036"}],"version-history":[{"count":7,"href":"https:\/\/mitue.de\/index.php?rest_route=\/wp\/v2\/posts\/8036\/revisions"}],"predecessor-version":[{"id":8043,"href":"https:\/\/mitue.de\/index.php?rest_route=\/wp\/v2\/posts\/8036\/revisions\/8043"}],"wp:attachment":[{"href":"https:\/\/mitue.de\/index.php?rest_route=%2Fwp%2Fv2%2Fmedia&parent=8036"}],"wp:term":[{"taxonomy":"category","embeddable":true,"href":"https:\/\/mitue.de\/index.php?rest_route=%2Fwp%2Fv2%2Fcategories&post=8036"},{"taxonomy":"post_tag","embeddable":true,"href":"https:\/\/mitue.de\/index.php?rest_route=%2Fwp%2Fv2%2Ftags&post=8036"}],"curies":[{"name":"wp","href":"https:\/\/api.w.org\/{rel}","templated":true}]}}