{"id":8092,"date":"2020-12-28T18:17:29","date_gmt":"2020-12-28T17:17:29","guid":{"rendered":"https:\/\/mitue.de\/?p=8092"},"modified":"2021-01-10T09:35:45","modified_gmt":"2021-01-10T08:35:45","slug":"s-bahnhof-johannisthal","status":"publish","type":"post","link":"https:\/\/mitue.de\/?p=8092","title":{"rendered":"S-Bahnhof Johannisthal"},"content":{"rendered":"<p><a href=\"https:\/\/www.berliner-kurier.de\/verkehr\/vom-s-bahnhof-johannisthal-fuehrt-kein-weg-nach-johannisthal-li.120210\">Der Betriebsbahnhof Sch\u00f6neweide wurde umbenannt. Es ist jetzt der S-Bahnhof Johannisthal.<\/a><\/p>\n<p><a href=\"https:\/\/www.flickr.com\/photos\/mitue\/50771316111\/in\/photostream\/\" title=\"Spaz097 12\"><img loading=\"lazy\" decoding=\"async\" src=\"https:\/\/live.staticflickr.com\/65535\/50771316111_973daa2f9c.jpg\" width=\"500\" height=\"375\" alt=\"Spaz097 12\"><\/a><\/p>\n<p>Doch wer dort aussteigt, hat keine Chance, ins anliegende Johannisthal zu gelangen. Der Zugang \u00fcber eine <a href=\"https:\/\/www.adlershof.de\/news\/startschuss-fuer-brueckensanierung-am-s-bahnhof-johannisthal\/\">marode Fu\u00dfg\u00e4ngerbr\u00fccke<\/a> ist versperrt.<\/p>\n<p><a href=\"https:\/\/www.flickr.com\/photos\/mitue\/50770571233\/in\/dateposted\/\" title=\"Spaz097 13\"><img loading=\"lazy\" decoding=\"async\" src=\"https:\/\/live.staticflickr.com\/65535\/50770571233_81052855e5.jpg\" width=\"500\" height=\"375\" alt=\"Spaz097 13\"><\/a><\/p>\n<p><a href=\"https:\/\/www.flickr.com\/photos\/mitue\/50771315591\/in\/dateposted\/\" title=\"Spaz097 14\"><img loading=\"lazy\" decoding=\"async\" src=\"https:\/\/live.staticflickr.com\/65535\/50771315591_c1cc211f40.jpg\" width=\"500\" height=\"375\" alt=\"Spaz097 14\"><\/a><\/p>\n<p><a href=\"https:\/\/www.flickr.com\/photos\/mitue\/50771315306\/in\/dateposted\/\" title=\"Spaz097 15\"><img loading=\"lazy\" decoding=\"async\" src=\"https:\/\/live.staticflickr.com\/65535\/50771315306_c334919955.jpg\" width=\"500\" height=\"403\" alt=\"Spaz097 15\"><\/a><\/p>\n<p><a href=\"https:\/\/www.flickr.com\/photos\/mitue\/50162681088\/in\/photolist-2jqKxCh-2jqGMPX-2jqGN5X-2jqLQYo-2jqGNaw-2jqKy3v-2jqGNQ4-2jqGNRm-2jqKxXv-2jqGNVe-2jqLR4Z-2jqKyCP-2jqLQ7y-2jqLQE2-2jqGNLb-2jqGNth-2jqKyjc-2jqGS9y-2jqKBU3-2jqLReP-2jqLR9y-2jqKz1c-2jqGPL2-2jqLREZ-2jqLRN9-2jqLRtg-2jqLRQd-2jqLRxj-2jqGPWn-2jqLRpJ-2jqKzGH-2jqKz3X-2jqGPE5-2jqGQFP-2jqLSnW-2jqLSu4-2jqLS2f-2jqGQVX-2jqKATa-2jqKAkb-2jqGQhx-2jqKzWk-2jqKzQP-2jqGRww-2jqKBvH-2jqLTk2-2jqGRrS-2jqLTyJ-2jqLTTG-2jqKBCB\" title=\"Calau 09\"><img loading=\"lazy\" decoding=\"async\" src=\"https:\/\/live.staticflickr.com\/65535\/50162681088_9a52af35db.jpg\" width=\"500\" height=\"500\" alt=\"Calau 09\"><\/a><\/p>\n","protected":false},"excerpt":{"rendered":"<p>Der Betriebsbahnhof Sch\u00f6neweide wurde umbenannt. Es ist jetzt der S-Bahnhof Johannisthal. Doch wer dort aussteigt, hat keine Chance, ins anliegende Johannisthal zu gelangen. Der Zugang \u00fcber eine marode Fu\u00dfg\u00e4ngerbr\u00fccke ist versperrt.<\/p>\n","protected":false},"author":1,"featured_media":0,"comment_status":"open","ping_status":"closed","sticky":false,"template":"","format":"standard","meta":{"footnotes":""},"categories":[4],"tags":[],"class_list":["post-8092","post","type-post","status-publish","format-standard","hentry","category-berlin"],"_links":{"self":[{"href":"https:\/\/mitue.de\/index.php?rest_route=\/wp\/v2\/posts\/8092","targetHints":{"allow":["GET"]}}],"collection":[{"href":"https:\/\/mitue.de\/index.php?rest_route=\/wp\/v2\/posts"}],"about":[{"href":"https:\/\/mitue.de\/index.php?rest_route=\/wp\/v2\/types\/post"}],"author":[{"embeddable":true,"href":"https:\/\/mitue.de\/index.php?rest_route=\/wp\/v2\/users\/1"}],"replies":[{"embeddable":true,"href":"https:\/\/mitue.de\/index.php?rest_route=%2Fwp%2Fv2%2Fcomments&post=8092"}],"version-history":[{"count":2,"href":"https:\/\/mitue.de\/index.php?rest_route=\/wp\/v2\/posts\/8092\/revisions"}],"predecessor-version":[{"id":8112,"href":"https:\/\/mitue.de\/index.php?rest_route=\/wp\/v2\/posts\/8092\/revisions\/8112"}],"wp:attachment":[{"href":"https:\/\/mitue.de\/index.php?rest_route=%2Fwp%2Fv2%2Fmedia&parent=8092"}],"wp:term":[{"taxonomy":"category","embeddable":true,"href":"https:\/\/mitue.de\/index.php?rest_route=%2Fwp%2Fv2%2Fcategories&post=8092"},{"taxonomy":"post_tag","embeddable":true,"href":"https:\/\/mitue.de\/index.php?rest_route=%2Fwp%2Fv2%2Ftags&post=8092"}],"curies":[{"name":"wp","href":"https:\/\/api.w.org\/{rel}","templated":true}]}}