{"id":8175,"date":"2021-02-23T17:56:43","date_gmt":"2021-02-23T16:56:43","guid":{"rendered":"https:\/\/mitue.de\/?p=8175"},"modified":"2021-02-24T18:31:20","modified_gmt":"2021-02-24T17:31:20","slug":"popularis-tresen","status":"publish","type":"post","link":"https:\/\/mitue.de\/?p=8175","title":{"rendered":"Popularis (Tresen)"},"content":{"rendered":"<p><a href=\"https:\/\/www.flickr.com\/photos\/mitue\/50973440036\/in\/dateposted\/\" title=\"Popularis (Tresen)\"><img loading=\"lazy\" decoding=\"async\" src=\"https:\/\/live.staticflickr.com\/65535\/50973440036_a8a5812b8a.jpg\" width=\"500\" height=\"333\" alt=\"Popularis (Tresen)\"><\/a><\/p>\n<blockquote><p><a href=\"https:\/\/www.rosa-luxemburg-platz.net\/simon-mullan-popularis\/\">Popularis<\/a> hei\u00dft eine Serie von Skulpturen des Berliner K\u00fcnstlers <a href=\"https:\/\/www.simonmullan.com\">Simon Mullan<\/a>. (Tresen) ist der Untertitel der neuesten Arbeit dieser Reihe, die der K\u00fcnstler speziell f\u00fcr die Gr\u00fcnfl\u00e4che zwischen Rosa-Luxemburg- und Almstadtstra\u00dfe geschaffen hat. Wie alle Arbeiten aus dieser Reihe handelt es sich um eine einfache geometrische Form, die vollst\u00e4ndig mit Kacheln bedeckt ist \u2013 was angesichts des im Titel angedeuteten Nutzungsvorschlags auch praktisch scheint.<\/p><\/blockquote>\n<p><a href=\"https:\/\/www.flickr.com\/photos\/mitue\/50973544577\/in\/dateposted\/\" title=\"Popularis (Tresen)\"><img loading=\"lazy\" decoding=\"async\" src=\"https:\/\/live.staticflickr.com\/65535\/50973544577_1ff59c9bfc.jpg\" width=\"500\" height=\"333\" alt=\"Popularis (Tresen)\"><\/a><\/p>\n","protected":false},"excerpt":{"rendered":"<p>Popularis hei\u00dft eine Serie von Skulpturen des Berliner K\u00fcnstlers Simon Mullan. (Tresen) ist der Untertitel der neuesten Arbeit dieser Reihe, die der K\u00fcnstler speziell f\u00fcr die Gr\u00fcnfl\u00e4che zwischen Rosa-Luxemburg- und Almstadtstra\u00dfe geschaffen hat. Wie alle Arbeiten aus dieser Reihe handelt es sich um eine einfache geometrische Form, die vollst\u00e4ndig mit Kacheln bedeckt ist \u2013 was [&hellip;]<\/p>\n","protected":false},"author":1,"featured_media":0,"comment_status":"open","ping_status":"closed","sticky":false,"template":"","format":"standard","meta":{"footnotes":""},"categories":[3],"tags":[],"class_list":["post-8175","post","type-post","status-publish","format-standard","hentry","category-kunst-im-offentlichen-raum"],"_links":{"self":[{"href":"https:\/\/mitue.de\/index.php?rest_route=\/wp\/v2\/posts\/8175","targetHints":{"allow":["GET"]}}],"collection":[{"href":"https:\/\/mitue.de\/index.php?rest_route=\/wp\/v2\/posts"}],"about":[{"href":"https:\/\/mitue.de\/index.php?rest_route=\/wp\/v2\/types\/post"}],"author":[{"embeddable":true,"href":"https:\/\/mitue.de\/index.php?rest_route=\/wp\/v2\/users\/1"}],"replies":[{"embeddable":true,"href":"https:\/\/mitue.de\/index.php?rest_route=%2Fwp%2Fv2%2Fcomments&post=8175"}],"version-history":[{"count":2,"href":"https:\/\/mitue.de\/index.php?rest_route=\/wp\/v2\/posts\/8175\/revisions"}],"predecessor-version":[{"id":8178,"href":"https:\/\/mitue.de\/index.php?rest_route=\/wp\/v2\/posts\/8175\/revisions\/8178"}],"wp:attachment":[{"href":"https:\/\/mitue.de\/index.php?rest_route=%2Fwp%2Fv2%2Fmedia&parent=8175"}],"wp:term":[{"taxonomy":"category","embeddable":true,"href":"https:\/\/mitue.de\/index.php?rest_route=%2Fwp%2Fv2%2Fcategories&post=8175"},{"taxonomy":"post_tag","embeddable":true,"href":"https:\/\/mitue.de\/index.php?rest_route=%2Fwp%2Fv2%2Ftags&post=8175"}],"curies":[{"name":"wp","href":"https:\/\/api.w.org\/{rel}","templated":true}]}}