{"id":8288,"date":"2021-06-30T09:53:49","date_gmt":"2021-06-30T08:53:49","guid":{"rendered":"https:\/\/mitue.de\/?p=8288"},"modified":"2021-06-30T09:53:49","modified_gmt":"2021-06-30T08:53:49","slug":"ordnung-der-wildnis","status":"publish","type":"post","link":"https:\/\/mitue.de\/?p=8288","title":{"rendered":"Ordnung der Wildnis"},"content":{"rendered":"<p><a href=\"https:\/\/www.flickr.com\/photos\/mitue\/51279691397\/in\/dateposted\/\" title=\"L\u00f6hr 08\"><img loading=\"lazy\" decoding=\"async\" src=\"https:\/\/live.staticflickr.com\/65535\/51279691397_ed3e94024f.jpg\" width=\"500\" height=\"375\" alt=\"L\u00f6hr 08\"><\/a><\/p>\n<blockquote><p>Samen von L\u00f6wenzahn und Disteln, St\u00e4ngel von Gr\u00e4sern, Kletten, Baum- und Efeubl\u00fcten, Katzen-, Pferde- und Hundehaar und andere kleine und kleinste Fundst\u00fccke aus der Natur liefern die materiale Grundlage der Werke von Christiane L\u00f6hr. Man n\u00e4hert sich diesen fragilen Kleinplastiken und permeablen Formwundern, diesen filigranen wie konzentrierten Naturgespinsten mit gro\u00dfer Behutsamkeit, um ihre in sich ruhenden Verankerungen nicht mit einem unachtsamen Atemhauch zu st\u00f6ren. Man legt den Kopf schief, reckt sich, umrundet die Werke, beugt sich hinunter, ja kniet sich vor diesen teils auf h\u00fcfthohen Sockeln pr\u00e4sentierten Arbeiten buchst\u00e4blich nieder.<br \/>\n(Judith Elisabeth Weiss im Kunstforum Bd. 258 zu den Arbeiten von <a href=\"http:\/\/www.christianeloehr.de\">Christiane L\u00f6hr<\/a>)<\/p><\/blockquote>\n<p><a href=\"https:\/\/www.flickr.com\/photos\/mitue\/51280433886\/in\/dateposted\/\" title=\"L\u00f6hr 10\"><img loading=\"lazy\" decoding=\"async\" src=\"https:\/\/live.staticflickr.com\/65535\/51280433886_6e8570479f.jpg\" width=\"500\" height=\"375\" alt=\"L\u00f6hr 10\"><\/a><\/p>\n<p><a href=\"https:\/\/www.flickr.com\/photos\/mitue\/51279690752\/in\/dateposted\/\" title=\"L\u00f6hr 16\"><img loading=\"lazy\" decoding=\"async\" src=\"https:\/\/live.staticflickr.com\/65535\/51279690752_9dca64a3e0.jpg\" width=\"500\" height=\"393\" alt=\"L\u00f6hr 16\"><\/a><\/p>\n<p><a href=\"https:\/\/www.flickr.com\/photos\/mitue\/51280609928\/in\/dateposted\/\" title=\"L\u00f6hr 04\"><img loading=\"lazy\" decoding=\"async\" src=\"https:\/\/live.staticflickr.com\/65535\/51280609928_064385acc0.jpg\" width=\"500\" height=\"394\" alt=\"L\u00f6hr 04\"><\/a><\/p>\n<p><a href=\"https:\/\/www.deutschlandfunkkultur.de\/kuenstlerin-christiane-loehr-die-architektur-der-disteln.2147.de.html?dram:article_id=492461\">Die Architektur der Distel und Kletten<\/a><br \/>\nChristiane L\u00f6hr im Haus am Waldsee<\/p>\n","protected":false},"excerpt":{"rendered":"<p>Samen von L\u00f6wenzahn und Disteln, St\u00e4ngel von Gr\u00e4sern, Kletten, Baum- und Efeubl\u00fcten, Katzen-, Pferde- und Hundehaar und andere kleine und kleinste Fundst\u00fccke aus der Natur liefern die materiale Grundlage der Werke von Christiane L\u00f6hr. Man n\u00e4hert sich diesen fragilen Kleinplastiken und permeablen Formwundern, diesen filigranen wie konzentrierten Naturgespinsten mit gro\u00dfer Behutsamkeit, um ihre in sich [&hellip;]<\/p>\n","protected":false},"author":1,"featured_media":0,"comment_status":"open","ping_status":"closed","sticky":false,"template":"","format":"standard","meta":{"footnotes":""},"categories":[5],"tags":[239],"class_list":["post-8288","post","type-post","status-publish","format-standard","hentry","category-ausstellungen","tag-haus-am-waldsee"],"_links":{"self":[{"href":"https:\/\/mitue.de\/index.php?rest_route=\/wp\/v2\/posts\/8288","targetHints":{"allow":["GET"]}}],"collection":[{"href":"https:\/\/mitue.de\/index.php?rest_route=\/wp\/v2\/posts"}],"about":[{"href":"https:\/\/mitue.de\/index.php?rest_route=\/wp\/v2\/types\/post"}],"author":[{"embeddable":true,"href":"https:\/\/mitue.de\/index.php?rest_route=\/wp\/v2\/users\/1"}],"replies":[{"embeddable":true,"href":"https:\/\/mitue.de\/index.php?rest_route=%2Fwp%2Fv2%2Fcomments&post=8288"}],"version-history":[{"count":5,"href":"https:\/\/mitue.de\/index.php?rest_route=\/wp\/v2\/posts\/8288\/revisions"}],"predecessor-version":[{"id":8294,"href":"https:\/\/mitue.de\/index.php?rest_route=\/wp\/v2\/posts\/8288\/revisions\/8294"}],"wp:attachment":[{"href":"https:\/\/mitue.de\/index.php?rest_route=%2Fwp%2Fv2%2Fmedia&parent=8288"}],"wp:term":[{"taxonomy":"category","embeddable":true,"href":"https:\/\/mitue.de\/index.php?rest_route=%2Fwp%2Fv2%2Fcategories&post=8288"},{"taxonomy":"post_tag","embeddable":true,"href":"https:\/\/mitue.de\/index.php?rest_route=%2Fwp%2Fv2%2Ftags&post=8288"}],"curies":[{"name":"wp","href":"https:\/\/api.w.org\/{rel}","templated":true}]}}