{"id":8390,"date":"2021-09-17T10:07:57","date_gmt":"2021-09-17T09:07:57","guid":{"rendered":"https:\/\/mitue.de\/?p=8390"},"modified":"2021-09-17T10:07:57","modified_gmt":"2021-09-17T09:07:57","slug":"ferdinand-holder-und-die-berliner-moderne","status":"publish","type":"post","link":"https:\/\/mitue.de\/?p=8390","title":{"rendered":"Ferdinand Holder und die Berliner Moderne"},"content":{"rendered":"<p><a href=\"https:\/\/www.flickr.com\/photos\/mitue\/51485573336\/in\/dateposted\/\" title=\"Nacht\"><img loading=\"lazy\" decoding=\"async\" src=\"https:\/\/live.staticflickr.com\/65535\/51485573336_d6e5d3ae44.jpg\" width=\"500\" height=\"224\" alt=\"Nacht\"><\/a><\/p>\n<blockquote><p>Der j\u00e4he Schock ist ihm anzusehen \u00fcber die schwarz verh\u00fcllte Figur, die da wie ein Alb auf seiner Brust hockt. Ferdinand Hodler (1853 \u2013 1918) malte sich selbst als Erwachenden, der aus einem Albtraum aufschreckt und das Todesgespenst panisch von sich wegzuschieben sucht. \u201eDie Nacht\u201c nannte der Schweizer K\u00fcnstler sein drei Meter breites Panoramabild, das ihn im Zentrum umgeben von anderen Liegenden zeigt, die allerdings eher sanft der schwarze Schleier des Schlafes bedeckt.<br \/>\n(mehr <a href=\"https:\/\/www.tagesspiegel.de\/kultur\/hodler-ausstellung-in-berlin-der-seelenmaler\/27605848.html\">hier<\/a> im Tagesspiegel)<\/p><\/blockquote>\n","protected":false},"excerpt":{"rendered":"<p>Der j\u00e4he Schock ist ihm anzusehen \u00fcber die schwarz verh\u00fcllte Figur, die da wie ein Alb auf seiner Brust hockt. Ferdinand Hodler (1853 \u2013 1918) malte sich selbst als Erwachenden, der aus einem Albtraum aufschreckt und das Todesgespenst panisch von sich wegzuschieben sucht. \u201eDie Nacht\u201c nannte der Schweizer K\u00fcnstler sein drei Meter breites Panoramabild, das [&hellip;]<\/p>\n","protected":false},"author":1,"featured_media":0,"comment_status":"open","ping_status":"closed","sticky":false,"template":"","format":"standard","meta":{"footnotes":""},"categories":[5],"tags":[20],"class_list":["post-8390","post","type-post","status-publish","format-standard","hentry","category-ausstellungen","tag-berlinische-galerie"],"_links":{"self":[{"href":"https:\/\/mitue.de\/index.php?rest_route=\/wp\/v2\/posts\/8390","targetHints":{"allow":["GET"]}}],"collection":[{"href":"https:\/\/mitue.de\/index.php?rest_route=\/wp\/v2\/posts"}],"about":[{"href":"https:\/\/mitue.de\/index.php?rest_route=\/wp\/v2\/types\/post"}],"author":[{"embeddable":true,"href":"https:\/\/mitue.de\/index.php?rest_route=\/wp\/v2\/users\/1"}],"replies":[{"embeddable":true,"href":"https:\/\/mitue.de\/index.php?rest_route=%2Fwp%2Fv2%2Fcomments&post=8390"}],"version-history":[{"count":3,"href":"https:\/\/mitue.de\/index.php?rest_route=\/wp\/v2\/posts\/8390\/revisions"}],"predecessor-version":[{"id":8393,"href":"https:\/\/mitue.de\/index.php?rest_route=\/wp\/v2\/posts\/8390\/revisions\/8393"}],"wp:attachment":[{"href":"https:\/\/mitue.de\/index.php?rest_route=%2Fwp%2Fv2%2Fmedia&parent=8390"}],"wp:term":[{"taxonomy":"category","embeddable":true,"href":"https:\/\/mitue.de\/index.php?rest_route=%2Fwp%2Fv2%2Fcategories&post=8390"},{"taxonomy":"post_tag","embeddable":true,"href":"https:\/\/mitue.de\/index.php?rest_route=%2Fwp%2Fv2%2Ftags&post=8390"}],"curies":[{"name":"wp","href":"https:\/\/api.w.org\/{rel}","templated":true}]}}