{"id":8613,"date":"2022-02-03T17:01:01","date_gmt":"2022-02-03T16:01:01","guid":{"rendered":"https:\/\/mitue.de\/?p=8613"},"modified":"2022-02-05T09:57:47","modified_gmt":"2022-02-05T08:57:47","slug":"bernar-venet-in-der-neuen-berliner-kunsthalle","status":"publish","type":"post","link":"https:\/\/mitue.de\/?p=8613","title":{"rendered":"Bernar Venet in der neuen Berliner Kunsthalle"},"content":{"rendered":"<p><a href=\"https:\/\/taz.de\/Neue-Kunsthalle-Berlin-in-der-Kritik\/!5832721\/\">Neue Kunsthalle in Berlin in der Kritik<\/a><\/p>\n<p><a href=\"https:\/\/www.flickr.com\/photos\/mitue\/51859948071\/in\/dateposted\/\" title=\"Venet 02\"><img loading=\"lazy\" decoding=\"async\" src=\"https:\/\/live.staticflickr.com\/65535\/51859948071_296369536c.jpg\" width=\"500\" height=\"413\" alt=\"Venet 02\"><\/a><\/p>\n<p><a href=\"https:\/\/www.stiftungkunst.de\/kultur\/kunsthalle-berlin-flughafen-tempelhof\/#\/\">KUNSTHALLE BERLIN<\/a><\/p>\n<p><a href=\"https:\/\/www.youtube.com\/watch?v=d2PJg1qctzo\">Retrospektive Bernard Venet 1961 &#8211; 2021<\/a><\/p>\n<blockquote><p>&#8222;Bernar Venet, 1961\u20132021&#8220; ist die erste in einer Reihe von Ausstellungen, die in den n\u00e4chsten zwei Jahren in der neuen &#8222;Kunsthalle Berlin &#8211; Flughafen Tempelhof&#8220; gezeigt werden. Die bisher gr\u00f6\u00dfte Retrospektive des franz\u00f6sischen K\u00fcnstlers umfasst sein gesamtes breit gef\u00e4chertes Schaffen als Bildhauer, Maler, Performancek\u00fcnstler sowie als radikaler Konzeptk\u00fcnstler. Auf 8.000 Quadratmetern versammelt die Schau \u00fcber 150 Werke.<br \/>\n(mehr <a href=\"https:\/\/www.rbb-online.de\/rbbkultur\/radio\/programm\/schema\/sendungen\/der_tag\/archiv\/20220129_1000\/kultur_aktuell_1110.html\">hier<\/a>)<\/p><\/blockquote>\n<p><a href=\"https:\/\/www.flickr.com\/photos\/mitue\/51860601960\/in\/dateposted\/\" title=\"Venet 03\"><img loading=\"lazy\" decoding=\"async\" src=\"https:\/\/live.staticflickr.com\/65535\/51860601960_d96a6a8c8f.jpg\" width=\"500\" height=\"333\" alt=\"Venet 03\"><\/a><\/p>\n<p><a href=\"https:\/\/www.flickr.com\/photos\/mitue\/51860282514\/in\/dateposted\/\" title=\"Venet 01\"><img loading=\"lazy\" decoding=\"async\" src=\"https:\/\/live.staticflickr.com\/65535\/51860282514_e13d11b998.jpg\" width=\"500\" height=\"356\" alt=\"Venet 01\"><\/a><\/p>\n<p><a href=\"https:\/\/mitue.de\/?tag=bernar-venet\">Bernard Venet in den &#8222;Neuen Kunstspazierg\u00e4ngen&#8220;<\/a><\/p>\n","protected":false},"excerpt":{"rendered":"<p>Neue Kunsthalle in Berlin in der Kritik KUNSTHALLE BERLIN Retrospektive Bernard Venet 1961 &#8211; 2021 &#8222;Bernar Venet, 1961\u20132021&#8220; ist die erste in einer Reihe von Ausstellungen, die in den n\u00e4chsten zwei Jahren in der neuen &#8222;Kunsthalle Berlin &#8211; Flughafen Tempelhof&#8220; gezeigt werden. Die bisher gr\u00f6\u00dfte Retrospektive des franz\u00f6sischen K\u00fcnstlers umfasst sein gesamtes breit gef\u00e4chertes Schaffen [&hellip;]<\/p>\n","protected":false},"author":1,"featured_media":0,"comment_status":"open","ping_status":"closed","sticky":false,"template":"","format":"standard","meta":{"footnotes":""},"categories":[5],"tags":[100],"class_list":["post-8613","post","type-post","status-publish","format-standard","hentry","category-ausstellungen","tag-bernar-venet"],"_links":{"self":[{"href":"https:\/\/mitue.de\/index.php?rest_route=\/wp\/v2\/posts\/8613","targetHints":{"allow":["GET"]}}],"collection":[{"href":"https:\/\/mitue.de\/index.php?rest_route=\/wp\/v2\/posts"}],"about":[{"href":"https:\/\/mitue.de\/index.php?rest_route=\/wp\/v2\/types\/post"}],"author":[{"embeddable":true,"href":"https:\/\/mitue.de\/index.php?rest_route=\/wp\/v2\/users\/1"}],"replies":[{"embeddable":true,"href":"https:\/\/mitue.de\/index.php?rest_route=%2Fwp%2Fv2%2Fcomments&post=8613"}],"version-history":[{"count":5,"href":"https:\/\/mitue.de\/index.php?rest_route=\/wp\/v2\/posts\/8613\/revisions"}],"predecessor-version":[{"id":8620,"href":"https:\/\/mitue.de\/index.php?rest_route=\/wp\/v2\/posts\/8613\/revisions\/8620"}],"wp:attachment":[{"href":"https:\/\/mitue.de\/index.php?rest_route=%2Fwp%2Fv2%2Fmedia&parent=8613"}],"wp:term":[{"taxonomy":"category","embeddable":true,"href":"https:\/\/mitue.de\/index.php?rest_route=%2Fwp%2Fv2%2Fcategories&post=8613"},{"taxonomy":"post_tag","embeddable":true,"href":"https:\/\/mitue.de\/index.php?rest_route=%2Fwp%2Fv2%2Ftags&post=8613"}],"curies":[{"name":"wp","href":"https:\/\/api.w.org\/{rel}","templated":true}]}}