{"id":8635,"date":"2022-02-09T17:05:31","date_gmt":"2022-02-09T16:05:31","guid":{"rendered":"https:\/\/mitue.de\/?p=8635"},"modified":"2022-02-09T18:29:46","modified_gmt":"2022-02-09T17:29:46","slug":"am-perelsplatz-in-friedenau","status":"publish","type":"post","link":"https:\/\/mitue.de\/?p=8635","title":{"rendered":"Am Perelsplatz in Friedenau"},"content":{"rendered":"<p><a href=\"http:\/\/www.friedenau-aktuell.de\/stra\u00dfen-pl\u00e4tze\/perelsplatz\/\">Perelsplatz<\/a><\/p>\n<p><a href=\"https:\/\/www.flickr.com\/photos\/mitue\/51870773607\/in\/dateposted\/\" title=\"Perelsplatz 1\"><img loading=\"lazy\" decoding=\"async\" src=\"https:\/\/live.staticflickr.com\/65535\/51870773607_d09a5b052a.jpg\" width=\"500\" height=\"333\" alt=\"Perelsplatz 1\"><\/a><\/p>\n<blockquote><p>Am Ostrand des Perelsplatzes hat Hans Altmann 1909 eine eingeschossige Bed\u00fcrfnisanstalt als Fachwerkpavillon mit geschwungenem Bohlenbinderdach errichtet.<br \/>\nDas kleine Bauwerk weist im Osten und im Westen je einen Zugang auf. Der Vorraum im Westen war urspr\u00fcnglich eine offene Vorlaube, die heute geschlossen ist. Auf dem Dach sorgt eine Laterne f\u00fcr die Entl\u00fcftung. Der Pavillon wird heute als kleines Caf\u00e9 genutzt.<br \/>\n(<a href=\"https:\/\/www.berlin.de\/landesdenkmalamt\/denkmale\/liste-karte-datenbank\/denkmaldatenbank\/daobj.php?obj_dok_nr=09066262\">Denkmaldatenbank<\/a>)\n<\/p><\/blockquote>\n<p><a href=\"https:\/\/www.flickr.com\/photos\/mitue\/51872054509\/in\/dateposted\/\" title=\"Perelsplatz 3\"><img loading=\"lazy\" decoding=\"async\" src=\"https:\/\/live.staticflickr.com\/65535\/51872054509_a3337e6a7e.jpg\" width=\"500\" height=\"500\" alt=\"Perelsplatz 3\"><\/a><br \/>\nSintflutbrunnen (<a href=\"https:\/\/de.wikipedia.org\/wiki\/Paul_Aichele\">Paul Aichele<\/a>, 1895)<\/p>\n<p><a href=\"https:\/\/www.flickr.com\/photos\/mitue\/51872054144\/in\/dateposted\/\" title=\"Perelsplatz 5\"><img loading=\"lazy\" decoding=\"async\" src=\"https:\/\/live.staticflickr.com\/65535\/51872054144_66047c59a0.jpg\" width=\"500\" height=\"388\" alt=\"Perelsplatz 5\"><\/a><br \/>\nDer <a href=\"https:\/\/www.gazette-berlin.de\/artikel\/504-der-sintflutbrunnen-am-perelsplatz-in-friedenau.html\">Sintflutbrunnen<\/a> steht seit 1932 auf dem Maybachplatz, seit 1961 Perelsplatz.<\/p>\n<p><a href=\"https:\/\/www.flickr.com\/photos\/mitue\/51871820068\/in\/dateposted\/\" title=\"Perelsplatz 2\"><img loading=\"lazy\" decoding=\"async\" src=\"https:\/\/live.staticflickr.com\/65535\/51871820068_f71fd4f8f7.jpg\" width=\"500\" height=\"333\" alt=\"Perelsplatz 2\"><\/a><\/p>\n","protected":false},"excerpt":{"rendered":"<p>Perelsplatz Am Ostrand des Perelsplatzes hat Hans Altmann 1909 eine eingeschossige Bed\u00fcrfnisanstalt als Fachwerkpavillon mit geschwungenem Bohlenbinderdach errichtet. Das kleine Bauwerk weist im Osten und im Westen je einen Zugang auf. Der Vorraum im Westen war urspr\u00fcnglich eine offene Vorlaube, die heute geschlossen ist. Auf dem Dach sorgt eine Laterne f\u00fcr die Entl\u00fcftung. Der Pavillon [&hellip;]<\/p>\n","protected":false},"author":1,"featured_media":0,"comment_status":"open","ping_status":"closed","sticky":false,"template":"","format":"standard","meta":{"footnotes":""},"categories":[4],"tags":[],"class_list":["post-8635","post","type-post","status-publish","format-standard","hentry","category-berlin"],"_links":{"self":[{"href":"https:\/\/mitue.de\/index.php?rest_route=\/wp\/v2\/posts\/8635","targetHints":{"allow":["GET"]}}],"collection":[{"href":"https:\/\/mitue.de\/index.php?rest_route=\/wp\/v2\/posts"}],"about":[{"href":"https:\/\/mitue.de\/index.php?rest_route=\/wp\/v2\/types\/post"}],"author":[{"embeddable":true,"href":"https:\/\/mitue.de\/index.php?rest_route=\/wp\/v2\/users\/1"}],"replies":[{"embeddable":true,"href":"https:\/\/mitue.de\/index.php?rest_route=%2Fwp%2Fv2%2Fcomments&post=8635"}],"version-history":[{"count":4,"href":"https:\/\/mitue.de\/index.php?rest_route=\/wp\/v2\/posts\/8635\/revisions"}],"predecessor-version":[{"id":8639,"href":"https:\/\/mitue.de\/index.php?rest_route=\/wp\/v2\/posts\/8635\/revisions\/8639"}],"wp:attachment":[{"href":"https:\/\/mitue.de\/index.php?rest_route=%2Fwp%2Fv2%2Fmedia&parent=8635"}],"wp:term":[{"taxonomy":"category","embeddable":true,"href":"https:\/\/mitue.de\/index.php?rest_route=%2Fwp%2Fv2%2Fcategories&post=8635"},{"taxonomy":"post_tag","embeddable":true,"href":"https:\/\/mitue.de\/index.php?rest_route=%2Fwp%2Fv2%2Ftags&post=8635"}],"curies":[{"name":"wp","href":"https:\/\/api.w.org\/{rel}","templated":true}]}}