{"id":8731,"date":"2022-04-25T10:54:41","date_gmt":"2022-04-25T09:54:41","guid":{"rendered":"https:\/\/mitue.de\/?p=8731"},"modified":"2022-04-25T10:55:17","modified_gmt":"2022-04-25T09:55:17","slug":"red-threads","status":"publish","type":"post","link":"https:\/\/mitue.de\/?p=8731","title":{"rendered":"Red Threads"},"content":{"rendered":"<p><a href=\"https:\/\/de.wikipedia.org\/wiki\/Michaela_Meli\u00e1n\">Michaela Meli\u00e1n<\/a> im Maschinenhaus M2 des Zentrums f\u00fcr zeitgen\u00f6ssische Kunst<\/p>\n<blockquote><p><a href=\"https:\/\/static1.squarespace.com\/static\/52a78e14e4b080ad5ccec139\/t\/623dc9cdb78fea154231976f\/1648216526132\/KINDL_PI_Michaela-Meli\u00e1n_220316_D.pdf\">Im Mittelpunkt der Ausstellung<\/a> steht die neu f\u00fcr das KINDL entwickelte Installation TANIA zum vielschichtigen Mythos um die Guerillera Tamara Bunke alias Tania, deren Biografie in Ost und West, in Nord- und S\u00fcdamerika die unterschiedlichsten Aufladungen erfahren hat. W\u00e4hrend Tamara Bunke \/ Tania im \u00f6ffentlichen Bewusstsein der DDR eine gro\u00dfe Rolle spielte, ist sie in der heutigen Bundesrepublik aus dem \u00f6ffentlichen Ged\u00e4chtnis so gut wie verschwunden. Die K\u00fcnstlerin Michaelia Meli\u00e1n folgt den vielf\u00e4ltigen Spuren und verdichtet diese in einem f\u00fcr die R\u00e4ume konzipierten Wandbild und einer mehrkanaligen Soundarbeit zu einem vielschichtigen Komplex.<\/p><\/blockquote>\n<p><a href=\"https:\/\/www.flickr.com\/photos\/mitue\/52028632484\/in\/dateposted\/\" title=\"Ausflug 03\"><img loading=\"lazy\" decoding=\"async\" src=\"https:\/\/live.staticflickr.com\/65535\/52028632484_192201c44a.jpg\" width=\"500\" height=\"333\" alt=\"Ausflug 03\"><\/a><br \/>\nGirl-Kultur, 2019, Teppich<\/p>\n<p><a href=\"https:\/\/www.flickr.com\/photos\/mitue\/52028631554\/in\/dateposted\/\" title=\"Ausflug 10\"><img loading=\"lazy\" decoding=\"async\" src=\"https:\/\/live.staticflickr.com\/65535\/52028631554_4ed80b3810.jpg\" width=\"500\" height=\"333\" alt=\"Ausflug 10\"><\/a><br \/>\n<a href=\"https:\/\/www.nd-aktuell.de\/artikel\/1162630.michaela-melian-die-wirkmacht-linker-ikonen.html\">Tania<\/a> (Tamara Bunke), 1990, 1992<\/p>\n<p><a href=\"https:\/\/www.flickr.com\/photos\/mitue\/52028897130\/in\/dateposted\/\" title=\"Ausflug 09\"><img loading=\"lazy\" decoding=\"async\" src=\"https:\/\/live.staticflickr.com\/65535\/52028897130_348810a2b6.jpg\" width=\"500\" height=\"333\" alt=\"Ausflug 09\"><\/a><br \/>\n<a href=\"http:\/\/www.michaelamelian.net\/Michaela_Melian\/In_a_Mist.html\">In a Mist<\/a>, 2014\/2015<\/p>\n<p><a href=\"https:\/\/www.deutschlandfunkkultur.de\/kuenstlerin-michaela-meli-n-in-berlin-jedes-fiepen-ist-durchdacht-podcast-dlf-kultur-80d03ba4-100.html\">Die Kunst des Loops<\/a><\/p>\n","protected":false},"excerpt":{"rendered":"<p>Michaela Meli\u00e1n im Maschinenhaus M2 des Zentrums f\u00fcr zeitgen\u00f6ssische Kunst Im Mittelpunkt der Ausstellung steht die neu f\u00fcr das KINDL entwickelte Installation TANIA zum vielschichtigen Mythos um die Guerillera Tamara Bunke alias Tania, deren Biografie in Ost und West, in Nord- und S\u00fcdamerika die unterschiedlichsten Aufladungen erfahren hat. W\u00e4hrend Tamara Bunke \/ Tania im \u00f6ffentlichen [&hellip;]<\/p>\n","protected":false},"author":1,"featured_media":0,"comment_status":"open","ping_status":"closed","sticky":false,"template":"","format":"standard","meta":{"footnotes":""},"categories":[5],"tags":[677],"class_list":["post-8731","post","type-post","status-publish","format-standard","hentry","category-ausstellungen","tag-kindl-zentrum-fuer-zeitgenoessische-kunst"],"_links":{"self":[{"href":"https:\/\/mitue.de\/index.php?rest_route=\/wp\/v2\/posts\/8731","targetHints":{"allow":["GET"]}}],"collection":[{"href":"https:\/\/mitue.de\/index.php?rest_route=\/wp\/v2\/posts"}],"about":[{"href":"https:\/\/mitue.de\/index.php?rest_route=\/wp\/v2\/types\/post"}],"author":[{"embeddable":true,"href":"https:\/\/mitue.de\/index.php?rest_route=\/wp\/v2\/users\/1"}],"replies":[{"embeddable":true,"href":"https:\/\/mitue.de\/index.php?rest_route=%2Fwp%2Fv2%2Fcomments&post=8731"}],"version-history":[{"count":6,"href":"https:\/\/mitue.de\/index.php?rest_route=\/wp\/v2\/posts\/8731\/revisions"}],"predecessor-version":[{"id":8737,"href":"https:\/\/mitue.de\/index.php?rest_route=\/wp\/v2\/posts\/8731\/revisions\/8737"}],"wp:attachment":[{"href":"https:\/\/mitue.de\/index.php?rest_route=%2Fwp%2Fv2%2Fmedia&parent=8731"}],"wp:term":[{"taxonomy":"category","embeddable":true,"href":"https:\/\/mitue.de\/index.php?rest_route=%2Fwp%2Fv2%2Fcategories&post=8731"},{"taxonomy":"post_tag","embeddable":true,"href":"https:\/\/mitue.de\/index.php?rest_route=%2Fwp%2Fv2%2Ftags&post=8731"}],"curies":[{"name":"wp","href":"https:\/\/api.w.org\/{rel}","templated":true}]}}