{"id":8753,"date":"2022-05-07T15:58:15","date_gmt":"2022-05-07T14:58:15","guid":{"rendered":"https:\/\/mitue.de\/?p=8753"},"modified":"2022-05-07T15:58:15","modified_gmt":"2022-05-07T14:58:15","slug":"neu-in-den-wilhelm-hallen","status":"publish","type":"post","link":"https:\/\/mitue.de\/?p=8753","title":{"rendered":"Neu in den WILHELM HALLEN"},"content":{"rendered":"<p><a href=\"https:\/\/www.flickr.com\/photos\/mitue\/52056627259\/in\/dateposted\/\" title=\"Wilhelm Hallen 12\"><img loading=\"lazy\" decoding=\"async\" src=\"https:\/\/live.staticflickr.com\/65535\/52056627259_cc7b99b393.jpg\" width=\"500\" height=\"333\" alt=\"Wilhelm Hallen 12\"><\/a><\/p>\n<p>Mehdi Chouakri er\u00f6ffnet neben dem Charlottenburger Quartier einen neuen Standort in den Reinickendorfer Wilhelm Hallen (<a href=\"https:\/\/www.tagesspiegel.de\/kultur\/die-galerie-chouakri-zieht-es-an-die-peripherie-oel-ist-in-der-luft\/28291312.html\">Tagesspiegel<\/a>).<\/p>\n<p><a href=\"https:\/\/www.flickr.com\/photos\/mitue\/52055344957\/in\/dateposted\/\" title=\"Wilhelm Hallen 03\"><img loading=\"lazy\" decoding=\"async\" src=\"https:\/\/live.staticflickr.com\/65535\/52055344957_e999a81094.jpg\" width=\"500\" height=\"360\" alt=\"Wilhelm Hallen 03\"><\/a><\/p>\n<p><a href=\"https:\/\/www.flickr.com\/photos\/mitue\/52056879440\/in\/dateposted\/\" title=\"Wilhelm Hallen 04\"><img loading=\"lazy\" decoding=\"async\" src=\"https:\/\/live.staticflickr.com\/65535\/52056879440_2d131cca43.jpg\" width=\"500\" height=\"371\" alt=\"Wilhelm Hallen 04\"><\/a><\/p>\n<p><a href=\"https:\/\/www.flickr.com\/photos\/mitue\/52056425683\/in\/dateposted\/\" title=\"Wilhelm Hallen 07\"><img loading=\"lazy\" decoding=\"async\" src=\"https:\/\/live.staticflickr.com\/65535\/52056425683_92b8a07c65.jpg\" width=\"500\" height=\"333\" alt=\"Wilhelm Hallen 07\"><\/a><br \/>\n<a href=\"https:\/\/de.wikipedia.org\/wiki\/John_M._Armleder\">John M Armleder<\/a><\/p>\n<p>John M. Armleder hat einen Blick f\u00fcr das Wunderbare im Allt\u00e4glichen. Wie oft muss er an der bekannten Currybude &#8222;Bier&#8217;s 195&#8220; am Kurf\u00fcrstendamm vorbeigegangen sein, um das Logo mit den beiden konkav angeordneten W\u00fcrsten und der Flamme oben und unten als &#8222;Muster&#8220; wahrzunehmen?<br \/>\n(Ingrid Pfeiffer)<\/p>\n","protected":false},"excerpt":{"rendered":"<p>Mehdi Chouakri er\u00f6ffnet neben dem Charlottenburger Quartier einen neuen Standort in den Reinickendorfer Wilhelm Hallen (Tagesspiegel). John M Armleder John M. Armleder hat einen Blick f\u00fcr das Wunderbare im Allt\u00e4glichen. Wie oft muss er an der bekannten Currybude &#8222;Bier&#8217;s 195&#8220; am Kurf\u00fcrstendamm vorbeigegangen sein, um das Logo mit den beiden konkav angeordneten W\u00fcrsten und der [&hellip;]<\/p>\n","protected":false},"author":1,"featured_media":0,"comment_status":"open","ping_status":"closed","sticky":false,"template":"","format":"standard","meta":{"footnotes":""},"categories":[5],"tags":[],"class_list":["post-8753","post","type-post","status-publish","format-standard","hentry","category-ausstellungen"],"_links":{"self":[{"href":"https:\/\/mitue.de\/index.php?rest_route=\/wp\/v2\/posts\/8753","targetHints":{"allow":["GET"]}}],"collection":[{"href":"https:\/\/mitue.de\/index.php?rest_route=\/wp\/v2\/posts"}],"about":[{"href":"https:\/\/mitue.de\/index.php?rest_route=\/wp\/v2\/types\/post"}],"author":[{"embeddable":true,"href":"https:\/\/mitue.de\/index.php?rest_route=\/wp\/v2\/users\/1"}],"replies":[{"embeddable":true,"href":"https:\/\/mitue.de\/index.php?rest_route=%2Fwp%2Fv2%2Fcomments&post=8753"}],"version-history":[{"count":2,"href":"https:\/\/mitue.de\/index.php?rest_route=\/wp\/v2\/posts\/8753\/revisions"}],"predecessor-version":[{"id":8755,"href":"https:\/\/mitue.de\/index.php?rest_route=\/wp\/v2\/posts\/8753\/revisions\/8755"}],"wp:attachment":[{"href":"https:\/\/mitue.de\/index.php?rest_route=%2Fwp%2Fv2%2Fmedia&parent=8753"}],"wp:term":[{"taxonomy":"category","embeddable":true,"href":"https:\/\/mitue.de\/index.php?rest_route=%2Fwp%2Fv2%2Fcategories&post=8753"},{"taxonomy":"post_tag","embeddable":true,"href":"https:\/\/mitue.de\/index.php?rest_route=%2Fwp%2Fv2%2Ftags&post=8753"}],"curies":[{"name":"wp","href":"https:\/\/api.w.org\/{rel}","templated":true}]}}