{"id":8766,"date":"2022-05-21T08:51:06","date_gmt":"2022-05-21T07:51:06","guid":{"rendered":"https:\/\/mitue.de\/?p=8766"},"modified":"2022-05-21T08:51:06","modified_gmt":"2022-05-21T07:51:06","slug":"laerm-der-zeit","status":"publish","type":"post","link":"https:\/\/mitue.de\/?p=8766","title":{"rendered":"L\u00e4rm der Zeit"},"content":{"rendered":"<p>Fotografien von <a href=\"https:\/\/www.artatberlin.com\/ausstellung-guido-schulz-janinebeangallery-contemporary-art-zeitgenoessische-kunst-in-berlin-ausstellungen-berlin-galerien-art-at-berlin\/\">Guido Schulz<\/a> im Salon der <a href=\"https:\/\/janinebeangallery.com\">janinebeangallery<\/a><\/p>\n<p><a href=\"https:\/\/www.flickr.com\/photos\/mitue\/52088220998\/in\/dateposted\/\" title=\"GSchulz2\"><img loading=\"lazy\" decoding=\"async\" src=\"https:\/\/live.staticflickr.com\/65535\/52088220998_792b9c234f.jpg\" width=\"500\" height=\"414\" alt=\"GSchulz2\"><\/a><\/p>\n<blockquote><p>Wir sehen und beweinen: die Fl\u00fcchtigkeit und Verg\u00e4nglichkeit, die Melancholie der Metropolen, das Landleben inw\u00e4rts, die Verf\u00fchrungen der Nacht, die Rache des Tages, das Majest\u00e4tische der Neonlichter, die strenge Geometrie der Zufluchtsst\u00e4tten und Treffpunkte im Unendlichen, die Einsamkeit unter Menschen; die Sch\u00f6nheit des Abgerockten.<br \/>\nUnd dann m\u00fcssen wir \u2013 dar\u00fcber \u2013 nat\u00fcrlich auch lachen.<br \/>\nBenjamin von Stuckrad Barre \u00fcber die Fotografien von Guido Schulz)<\/p><\/blockquote>\n","protected":false},"excerpt":{"rendered":"<p>Fotografien von Guido Schulz im Salon der janinebeangallery Wir sehen und beweinen: die Fl\u00fcchtigkeit und Verg\u00e4nglichkeit, die Melancholie der Metropolen, das Landleben inw\u00e4rts, die Verf\u00fchrungen der Nacht, die Rache des Tages, das Majest\u00e4tische der Neonlichter, die strenge Geometrie der Zufluchtsst\u00e4tten und Treffpunkte im Unendlichen, die Einsamkeit unter Menschen; die Sch\u00f6nheit des Abgerockten. Und dann m\u00fcssen [&hellip;]<\/p>\n","protected":false},"author":1,"featured_media":0,"comment_status":"open","ping_status":"closed","sticky":false,"template":"","format":"standard","meta":{"footnotes":""},"categories":[5],"tags":[],"class_list":["post-8766","post","type-post","status-publish","format-standard","hentry","category-ausstellungen"],"_links":{"self":[{"href":"https:\/\/mitue.de\/index.php?rest_route=\/wp\/v2\/posts\/8766","targetHints":{"allow":["GET"]}}],"collection":[{"href":"https:\/\/mitue.de\/index.php?rest_route=\/wp\/v2\/posts"}],"about":[{"href":"https:\/\/mitue.de\/index.php?rest_route=\/wp\/v2\/types\/post"}],"author":[{"embeddable":true,"href":"https:\/\/mitue.de\/index.php?rest_route=\/wp\/v2\/users\/1"}],"replies":[{"embeddable":true,"href":"https:\/\/mitue.de\/index.php?rest_route=%2Fwp%2Fv2%2Fcomments&post=8766"}],"version-history":[{"count":1,"href":"https:\/\/mitue.de\/index.php?rest_route=\/wp\/v2\/posts\/8766\/revisions"}],"predecessor-version":[{"id":8767,"href":"https:\/\/mitue.de\/index.php?rest_route=\/wp\/v2\/posts\/8766\/revisions\/8767"}],"wp:attachment":[{"href":"https:\/\/mitue.de\/index.php?rest_route=%2Fwp%2Fv2%2Fmedia&parent=8766"}],"wp:term":[{"taxonomy":"category","embeddable":true,"href":"https:\/\/mitue.de\/index.php?rest_route=%2Fwp%2Fv2%2Fcategories&post=8766"},{"taxonomy":"post_tag","embeddable":true,"href":"https:\/\/mitue.de\/index.php?rest_route=%2Fwp%2Fv2%2Ftags&post=8766"}],"curies":[{"name":"wp","href":"https:\/\/api.w.org\/{rel}","templated":true}]}}