{"id":8771,"date":"2022-06-02T18:11:31","date_gmt":"2022-06-02T17:11:31","guid":{"rendered":"https:\/\/mitue.de\/?p=8771"},"modified":"2022-06-03T08:09:22","modified_gmt":"2022-06-03T07:09:22","slug":"between-a-figure-and-a-letter","status":"publish","type":"post","link":"https:\/\/mitue.de\/?p=8771","title":{"rendered":"Between a figure and a letter"},"content":{"rendered":"<p><a href=\"https:\/\/deeds.news\/2022\/03\/pope-l-between-a-figure-and-a-letter-schinkel-pavillon-09-04-31-07-2022\/\">Pope.L im Schinkelpavillon<\/a><\/p>\n<blockquote><p><a href=\"https:\/\/www.tagesspiegel.de\/kultur\/pope-l-im-schinkel-pavillon-kunst-wie-aus-einem-horrorfilm\/28294102.html\">Der US-K\u00fcnstler Pope.L zeigt im Schinkel Pavillon sein offensives Werk<\/a>, das sich mit Superhelden, Rassismus und Diskriminierung auseinandersetzt. <\/p><\/blockquote>\n<p><a href=\"https:\/\/www.flickr.com\/photos\/mitue\/52117312481\/in\/dateposted\/\" title=\"Between a figure and a letter 1\"><img loading=\"lazy\" decoding=\"async\" src=\"https:\/\/live.staticflickr.com\/65535\/52117312481_79de023c73.jpg\" width=\"500\" height=\"333\" alt=\"Between a figure and a letter 1\"><\/a><\/p>\n<blockquote><p>Im Zentrum der Ausstellung befindet sich eine riesige, furchteinfl\u00f6\u00dfende Maschine, die von einem Performer regelm\u00e4\u00dfig mit abstrakten Holzskulpturen gef\u00fcttert wird, die unter anderem an die nachbarschaftlichen Architekturen des Berliner Schlosses sowie der Alten Wache erinnern.<\/p><\/blockquote>\n<p><a href=\"https:\/\/www.flickr.com\/photos\/mitue\/52116287227\/in\/dateposted\/\" title=\"Contraption\"><img loading=\"lazy\" decoding=\"async\" src=\"https:\/\/live.staticflickr.com\/65535\/52116287227_d3387a84c7.jpg\" width=\"500\" height=\"336\" alt=\"Contraption\"><\/a><\/p>\n<p><a href=\"https:\/\/www.flickr.com\/photos\/mitue\/52117312141\/in\/dateposted\/\" title=\"Contraption\"><img loading=\"lazy\" decoding=\"async\" src=\"https:\/\/live.staticflickr.com\/65535\/52117312141_88e3b7ac75.jpg\" width=\"500\" height=\"320\" alt=\"Contraption\"><\/a><\/p>\n<p> Im Schinkelpavillon bin ich kurz nach 14.00 Uhr der erste Besucher. Das Personal muss sich erst ordnen und das Licht in den R\u00e4umen einschalten. Im Obergeschoss ist die Installation CONTRAPTION von Pope.L aufgebaut. Laute Musik t\u00f6nt aus Lautsprechern, eine junge Frau fegt Sp\u00e4ne geschredderter Architekturmodelle zusammen und s\u00e4ubert das gefr\u00e4\u00dfige rote Unget\u00fcm. In einer Ecke ist ein Arbeitsplatz f\u00fcr einen Modellbauer aufgebaut. Das Telefon klingelt schrill. Die junge Frau geht an den Apparat, lauscht in den H\u00f6rer, legt auf und setzt ihre S\u00e4uberungsarbeiten fort. Ich glaube, genug gesehen zu haben und gehe. Erst auf dem Heimweg macht es bei mir <em>Klick<\/em>. Das war keine Reinigungskraft, das war eine Performerin (war es heute <a href=\"https:\/\/www.alicia-agustin.com\">Alicia Augustin<\/a> ???) und wenn ich etwas mehr Geduld gehabt h\u00e4tte, w\u00e4re vielleicht f\u00fcr mich allein ein Architekturmodell, vielleicht sogar die protzige Schlosskuppel, geschreddert worden.<\/p>\n<p><a href=\"https:\/\/www.flickr.com\/photos\/mitue\/52117964455\/in\/dateposted\/\" title=\"Schloss1\"><img loading=\"lazy\" decoding=\"async\" src=\"https:\/\/live.staticflickr.com\/65535\/52117964455_6d51902e7b.jpg\" width=\"500\" height=\"281\" alt=\"Schloss1\"><\/a><\/p>\n","protected":false},"excerpt":{"rendered":"<p>Pope.L im Schinkelpavillon Der US-K\u00fcnstler Pope.L zeigt im Schinkel Pavillon sein offensives Werk, das sich mit Superhelden, Rassismus und Diskriminierung auseinandersetzt. Im Zentrum der Ausstellung befindet sich eine riesige, furchteinfl\u00f6\u00dfende Maschine, die von einem Performer regelm\u00e4\u00dfig mit abstrakten Holzskulpturen gef\u00fcttert wird, die unter anderem an die nachbarschaftlichen Architekturen des Berliner Schlosses sowie der Alten Wache [&hellip;]<\/p>\n","protected":false},"author":1,"featured_media":0,"comment_status":"open","ping_status":"closed","sticky":false,"template":"","format":"standard","meta":{"footnotes":""},"categories":[5],"tags":[673],"class_list":["post-8771","post","type-post","status-publish","format-standard","hentry","category-ausstellungen","tag-schinkelpavillon"],"_links":{"self":[{"href":"https:\/\/mitue.de\/index.php?rest_route=\/wp\/v2\/posts\/8771","targetHints":{"allow":["GET"]}}],"collection":[{"href":"https:\/\/mitue.de\/index.php?rest_route=\/wp\/v2\/posts"}],"about":[{"href":"https:\/\/mitue.de\/index.php?rest_route=\/wp\/v2\/types\/post"}],"author":[{"embeddable":true,"href":"https:\/\/mitue.de\/index.php?rest_route=\/wp\/v2\/users\/1"}],"replies":[{"embeddable":true,"href":"https:\/\/mitue.de\/index.php?rest_route=%2Fwp%2Fv2%2Fcomments&post=8771"}],"version-history":[{"count":5,"href":"https:\/\/mitue.de\/index.php?rest_route=\/wp\/v2\/posts\/8771\/revisions"}],"predecessor-version":[{"id":8776,"href":"https:\/\/mitue.de\/index.php?rest_route=\/wp\/v2\/posts\/8771\/revisions\/8776"}],"wp:attachment":[{"href":"https:\/\/mitue.de\/index.php?rest_route=%2Fwp%2Fv2%2Fmedia&parent=8771"}],"wp:term":[{"taxonomy":"category","embeddable":true,"href":"https:\/\/mitue.de\/index.php?rest_route=%2Fwp%2Fv2%2Fcategories&post=8771"},{"taxonomy":"post_tag","embeddable":true,"href":"https:\/\/mitue.de\/index.php?rest_route=%2Fwp%2Fv2%2Ftags&post=8771"}],"curies":[{"name":"wp","href":"https:\/\/api.w.org\/{rel}","templated":true}]}}