{"id":8814,"date":"2022-07-04T10:51:19","date_gmt":"2022-07-04T09:51:19","guid":{"rendered":"https:\/\/mitue.de\/?p=8814"},"modified":"2022-07-04T10:51:19","modified_gmt":"2022-07-04T09:51:19","slug":"karlsruhe-und-umgebung-v","status":"publish","type":"post","link":"https:\/\/mitue.de\/?p=8814","title":{"rendered":"Karlsruhe und Umgebung (V)"},"content":{"rendered":"<p><a href=\"https:\/\/www.karlsruhe-erleben.de\/geschichten\/erlebnis\/Platz-der-Grundrechte\">Platz der Grundrechte<\/a><\/p>\n<p><a href=\"https:\/\/www.flickr.com\/photos\/mitue\/52193145155\/in\/dateposted\/\" title=\"Karlsruhe 148\"><img loading=\"lazy\" decoding=\"async\" src=\"https:\/\/live.staticflickr.com\/65535\/52193145155_316278c6b6.jpg\" width=\"500\" height=\"333\" alt=\"Karlsruhe 148\"><\/a><\/p>\n<blockquote><p>2005 schenkte die Stadt Karlsruhe dem Bundesverfassungsgericht im Rahmen ihrer Bewerbung zur Kulturhauptstadt Europas 2010 den Platz der Grundrechte. Der K\u00fcnstler Jochen Gerz sammelte auf 24 Schildern Aussagen, die sich mit dem Thema Recht und Unrecht auseinandersetzen &#8211;  von Richtern, Juristen und B\u00fcrgern, die mit dem Gesetz in Konflikt geraten waren. Der Gemeinderat entschied, die Schilder auf dem Platz zwischen Zirkel und Schloss zu installieren und erkl\u00e4rte diesen Ort damit zum Platz der Grundrechte.  Eine zweite Ausf\u00fchrung dieser Schilder wurde an dezentralen Pl\u00e4tzen in Karlsruhe aufgestellt. <\/p><\/blockquote>\n<p>Standort Rheinhafen<\/p>\n<p><a href=\"https:\/\/www.flickr.com\/photos\/mitue\/52192659421\/in\/dateposted\/\" title=\"Karlsruhe 144\"><img loading=\"lazy\" decoding=\"async\" src=\"https:\/\/live.staticflickr.com\/65535\/52192659421_fc363f04ed.jpg\" width=\"500\" height=\"333\" alt=\"Karlsruhe 144\"><\/a><\/p>\n<p><a href=\"https:\/\/www.flickr.com\/photos\/mitue\/52192917669\/in\/dateposted\/\" title=\"Karlsruhe 146\"><img loading=\"lazy\" decoding=\"async\" src=\"https:\/\/live.staticflickr.com\/65535\/52192917669_f1a0d79422.jpg\" width=\"500\" height=\"333\" alt=\"Karlsruhe 146\"><\/a><\/p>\n<p><a href=\"https:\/\/www.flickr.com\/photos\/mitue\/52192917419\/in\/dateposted\/\" title=\"Karlsruhe 147\"><img loading=\"lazy\" decoding=\"async\" src=\"https:\/\/live.staticflickr.com\/65535\/52192917419_abca2c1379.jpg\" width=\"500\" height=\"333\" alt=\"Karlsruhe 147\"><\/a><\/p>\n","protected":false},"excerpt":{"rendered":"<p>Platz der Grundrechte 2005 schenkte die Stadt Karlsruhe dem Bundesverfassungsgericht im Rahmen ihrer Bewerbung zur Kulturhauptstadt Europas 2010 den Platz der Grundrechte. Der K\u00fcnstler Jochen Gerz sammelte auf 24 Schildern Aussagen, die sich mit dem Thema Recht und Unrecht auseinandersetzen &#8211; von Richtern, Juristen und B\u00fcrgern, die mit dem Gesetz in Konflikt geraten waren. Der [&hellip;]<\/p>\n","protected":false},"author":1,"featured_media":0,"comment_status":"open","ping_status":"closed","sticky":false,"template":"","format":"standard","meta":{"footnotes":""},"categories":[7],"tags":[739],"class_list":["post-8814","post","type-post","status-publish","format-standard","hentry","category-jwd","tag-karlsruhe"],"_links":{"self":[{"href":"https:\/\/mitue.de\/index.php?rest_route=\/wp\/v2\/posts\/8814","targetHints":{"allow":["GET"]}}],"collection":[{"href":"https:\/\/mitue.de\/index.php?rest_route=\/wp\/v2\/posts"}],"about":[{"href":"https:\/\/mitue.de\/index.php?rest_route=\/wp\/v2\/types\/post"}],"author":[{"embeddable":true,"href":"https:\/\/mitue.de\/index.php?rest_route=\/wp\/v2\/users\/1"}],"replies":[{"embeddable":true,"href":"https:\/\/mitue.de\/index.php?rest_route=%2Fwp%2Fv2%2Fcomments&post=8814"}],"version-history":[{"count":2,"href":"https:\/\/mitue.de\/index.php?rest_route=\/wp\/v2\/posts\/8814\/revisions"}],"predecessor-version":[{"id":8817,"href":"https:\/\/mitue.de\/index.php?rest_route=\/wp\/v2\/posts\/8814\/revisions\/8817"}],"wp:attachment":[{"href":"https:\/\/mitue.de\/index.php?rest_route=%2Fwp%2Fv2%2Fmedia&parent=8814"}],"wp:term":[{"taxonomy":"category","embeddable":true,"href":"https:\/\/mitue.de\/index.php?rest_route=%2Fwp%2Fv2%2Fcategories&post=8814"},{"taxonomy":"post_tag","embeddable":true,"href":"https:\/\/mitue.de\/index.php?rest_route=%2Fwp%2Fv2%2Ftags&post=8814"}],"curies":[{"name":"wp","href":"https:\/\/api.w.org\/{rel}","templated":true}]}}