{"id":8886,"date":"2022-09-21T18:10:39","date_gmt":"2022-09-21T17:10:39","guid":{"rendered":"https:\/\/mitue.de\/?p=8886"},"modified":"2022-09-21T18:19:14","modified_gmt":"2022-09-21T17:19:14","slug":"selbstportraet-als-geist","status":"publish","type":"post","link":"https:\/\/mitue.de\/?p=8886","title":{"rendered":"Selbstportr\u00e4t als Geist"},"content":{"rendered":"<p><a href=\"https:\/\/www.flickr.com\/photos\/mitue\/51808100059\/in\/photolist-2mW74bt-2mW5MFb-2mVZN8T-2mW7xE2-2mW5Gp2-2jZ4FUv-2jZ4Fv9-2jZ3Ti8-2jG2r76-2jBWAiv-28QkjyQ-28Qkjkd-269Med1-28Qkk1m-WHVV97-Wce8YG-WanmYf-VvksVw-VtsL1m-cvgAAY-ctYDcC\" title=\"Selbstportr\u00e4t als Geist\"><img loading=\"lazy\" decoding=\"async\" src=\"https:\/\/live.staticflickr.com\/65535\/51808100059_3632447fd3.jpg\" width=\"500\" height=\"431\" alt=\"Selbstportr\u00e4t als Geist\"><\/a><br \/>\nSelbstportr\u00e4t als Geist (Alicja Kwade, Bronze) vor der Berlinischen Galerie anl\u00e4sslich der <a href=\"https:\/\/mitue.de\/?p=8564\">Ausstellung &#8222;In Abwesenheit&#8220;<\/a>, 8. Januar 2022<\/p>\n<blockquote><p>Es ist ein 3D-Scan von mir. Ich habe ein Bettlaken genommen und \u00fcber mich geworfen. Anschlie\u00dfend bin ich sozusagen abgetastet worden.\n<\/p><\/blockquote>\n<p><a href=\"https:\/\/www.flickr.com\/photos\/mitue\/50528874217\/in\/photolist-2mW74bt-2mW5MFb-2mVZN8T-2mW7xE2-2mW5Gp2-2jZ4FUv-2jZ4Fv9-2jZ3Ti8-2jG2r76-2jBWAiv-28QkjyQ-28Qkjkd-269Med1-28Qkk1m-WHVV97-Wce8YG-WanmYf-VvksVw-VtsL1m-cvgAAY-ctYDcC\" title=\"verh\u00fcllt1\"><img loading=\"lazy\" decoding=\"async\" src=\"https:\/\/live.staticflickr.com\/65535\/50528874217_5ffb4b8738.jpg\" width=\"500\" height=\"375\" alt=\"verh\u00fcllt1\"><\/a><br \/>\nSelbstportr\u00e4t als Geist (Alicja Kwade, Marmor), vor Kwades Atelier, Reinbeckhallen, 24. Oktober 2020<\/p>\n<blockquote><p>Unter deinem Apfelbaum im Vorgarten steht eine braungold-farbige Marmorvariante von &#8222;Selbstportr\u00e4t als Geist&#8220;. Sie sieht von weitem goldgl\u00e4nzend aus. Beim N\u00e4hertreten entdeckt man diverse Verf\u00e4rbungen.<\/p>\n<p>Das war der allererste Geist. Er ist aus wei\u00dfem Carrara-Marmor gefertigt worden, ist aber auf dem Weg zur Ausstellung 2018 besch\u00e4digt worden. Ich habe den Schadensfall im Ateliergarten aufgestellt. Durch das Berliner Grundwasser, das sehr eisenhaltig ist, hat er sich im Laufe der Zeit gold-braun verf\u00e4rbt.<\/p>\n<\/blockquote>\n<p><a href=\"https:\/\/www.flickr.com\/photos\/mitue\/50528872862\/in\/photolist-2mW74bt-2mW5MFb-2mVZN8T-2mW7xE2-2mW5Gp2-2jZ4FUv-2jZ4Fv9-2jZ3Ti8-2jG2r76-2jBWAiv-28QkjyQ-28Qkjkd-269Med1-28Qkk1m-WHVV97-Wce8YG-WanmYf-VvksVw-VtsL1m-cvgAAY-ctYDcC\" title=\"verh\u00fcllt3\"><img loading=\"lazy\" decoding=\"async\" src=\"https:\/\/live.staticflickr.com\/65535\/50528872862_ba9310de7a.jpg\" width=\"500\" height=\"375\" alt=\"verh\u00fcllt3\"><\/a><\/p>\n<p>(Zitate aus einem Gespr\u00e4ch von Helga Meister mit Alicja Kwade, KUNSTFORUM 284)<\/p>\n","protected":false},"excerpt":{"rendered":"<p>Selbstportr\u00e4t als Geist (Alicja Kwade, Bronze) vor der Berlinischen Galerie anl\u00e4sslich der Ausstellung &#8222;In Abwesenheit&#8220;, 8. Januar 2022 Es ist ein 3D-Scan von mir. Ich habe ein Bettlaken genommen und \u00fcber mich geworfen. Anschlie\u00dfend bin ich sozusagen abgetastet worden. Selbstportr\u00e4t als Geist (Alicja Kwade, Marmor), vor Kwades Atelier, Reinbeckhallen, 24. Oktober 2020 Unter deinem Apfelbaum [&hellip;]<\/p>\n","protected":false},"author":1,"featured_media":0,"comment_status":"open","ping_status":"closed","sticky":false,"template":"","format":"standard","meta":{"footnotes":""},"categories":[3],"tags":[731],"class_list":["post-8886","post","type-post","status-publish","format-standard","hentry","category-kunst-im-offentlichen-raum","tag-alicja-kwade"],"_links":{"self":[{"href":"https:\/\/mitue.de\/index.php?rest_route=\/wp\/v2\/posts\/8886","targetHints":{"allow":["GET"]}}],"collection":[{"href":"https:\/\/mitue.de\/index.php?rest_route=\/wp\/v2\/posts"}],"about":[{"href":"https:\/\/mitue.de\/index.php?rest_route=\/wp\/v2\/types\/post"}],"author":[{"embeddable":true,"href":"https:\/\/mitue.de\/index.php?rest_route=\/wp\/v2\/users\/1"}],"replies":[{"embeddable":true,"href":"https:\/\/mitue.de\/index.php?rest_route=%2Fwp%2Fv2%2Fcomments&post=8886"}],"version-history":[{"count":8,"href":"https:\/\/mitue.de\/index.php?rest_route=\/wp\/v2\/posts\/8886\/revisions"}],"predecessor-version":[{"id":8894,"href":"https:\/\/mitue.de\/index.php?rest_route=\/wp\/v2\/posts\/8886\/revisions\/8894"}],"wp:attachment":[{"href":"https:\/\/mitue.de\/index.php?rest_route=%2Fwp%2Fv2%2Fmedia&parent=8886"}],"wp:term":[{"taxonomy":"category","embeddable":true,"href":"https:\/\/mitue.de\/index.php?rest_route=%2Fwp%2Fv2%2Fcategories&post=8886"},{"taxonomy":"post_tag","embeddable":true,"href":"https:\/\/mitue.de\/index.php?rest_route=%2Fwp%2Fv2%2Ftags&post=8886"}],"curies":[{"name":"wp","href":"https:\/\/api.w.org\/{rel}","templated":true}]}}