{"id":8926,"date":"2022-10-24T17:47:22","date_gmt":"2022-10-24T16:47:22","guid":{"rendered":"https:\/\/mitue.de\/?p=8926"},"modified":"2022-10-24T17:47:22","modified_gmt":"2022-10-24T16:47:22","slug":"franz-koerner-und-sein-garten","status":"publish","type":"post","link":"https:\/\/mitue.de\/?p=8926","title":{"rendered":"Franz K\u00f6rner und sein Garten"},"content":{"rendered":"<p><a href=\"https:\/\/www.flickr.com\/photos\/mitue\/19553159484\/in\/photolist-2h7Swf8-2h7RQqh-2h7PXeU-2h7SvY1-2h7PYjV-2h7SwNY-2h7PYRM-ZMYBwz-ZMUJyJ-ZMUJ8y-ZMUHfm-ZHhDY7-FRp1YF-CLBGEo-Z8LEZQ-YCnBCc-Y2eoLS-YCnAhr-VsSLCD-VpKKvb-VpJDqY-UnLLuL-UnLKP7-RNBRg9-RNBPo1-RsvziY-JVNM2c-JEZXMd-K3RRAq-JYWVPe-JYWSo6-JVNPHV-JLz66h-E7siQB-wJ9EDs-vMR46o-wJSeTe-wsfDeA-vMR1Ew-mwicSC-mwgtV4-eMDt62-eMGccz-bXmBki-VjFmA-VjDvd-ViatK-Vi8K6-Vi6rM-7FHHT\" title=\"GiKP03\"><img loading=\"lazy\" decoding=\"async\" src=\"https:\/\/live.staticflickr.com\/357\/19553159484_c277bd78c9.jpg\" width=\"500\" height=\"333\" alt=\"GiKP03\"><\/a><\/p>\n<p><a href=\"https:\/\/galerie-im-koernerpark.de\/de\/ausstellungen\/tief-verwurzelt\">Tief verwurzelt<\/a><br \/>\nNatur als Archiv und Tr\u00e4ger von Erinnerungen<\/p>\n<blockquote><p>Mit ihrer Arbeit \u201ePflaumenbaum\u201c untersucht <a href=\"http:\/\/www.sonyaschoenberger.de\/About\/CV\">Sonya Sch\u00f6nberger<\/a> die Geschichte und das Schaffen von <a href=\"https:\/\/facettenneukoelln.wordpress.com\/2016\/06\/02\/105todestag-franz_koerner-neukoelln\/\">Franz K\u00f6rner<\/a> (1838 \u2013 1911), dem Namensgeber des K\u00f6rnerparks. Ausgangspunkt ist ein Pflaumenbaum, der auf ihrer Parzelle in einer Berliner Kleingartenanlage im Neuk\u00f6llner Stadtteil Britz steht, die \u2013 ebenso wie der K\u00f6rnerpark \u2013 auf einer ehemaligen Kiesgrube des Bauunternehmers errichtet wurde. Im Rahmen ihrer langzeitlichen Beobachtung dieses Baumes setzt sich Sonya Sch\u00f6nberger mit seiner m\u00f6glichen Geschichte, sowie dem K\u00f6rnerschen Nachlass aus kolonialkritischer Perspektive auseinander. Seine Sammlungen umfassen nicht nur arch\u00e4ologische Fundst\u00fccke aus seinen Kiesgruben, sondern auch Objekte, die er von seiner \u00c4gyptenreise mitbrachte und die sich heute in verschiedenen Berliner Museen befinden.<\/p><\/blockquote>\n<p><a href=\"https:\/\/www.flickr.com\/photos\/mitue\/52451582318\/in\/dateposted\/\" title=\"K\u00f6rner\"><img loading=\"lazy\" decoding=\"async\" src=\"https:\/\/live.staticflickr.com\/65535\/52451582318_7fd0a36972.jpg\" width=\"500\" height=\"256\" alt=\"K\u00f6rner\"><\/a><\/p>\n<p><a href=\"https:\/\/www.flickr.com\/photos\/mitue\/52451508710\/in\/dateposted\/\" title=\"Rhino\"><img loading=\"lazy\" decoding=\"async\" src=\"https:\/\/live.staticflickr.com\/65535\/52451508710_7731f92d72.jpg\" width=\"500\" height=\"333\" alt=\"Rhino\"><\/a><\/p>\n","protected":false},"excerpt":{"rendered":"<p>Tief verwurzelt Natur als Archiv und Tr\u00e4ger von Erinnerungen Mit ihrer Arbeit \u201ePflaumenbaum\u201c untersucht Sonya Sch\u00f6nberger die Geschichte und das Schaffen von Franz K\u00f6rner (1838 \u2013 1911), dem Namensgeber des K\u00f6rnerparks. Ausgangspunkt ist ein Pflaumenbaum, der auf ihrer Parzelle in einer Berliner Kleingartenanlage im Neuk\u00f6llner Stadtteil Britz steht, die \u2013 ebenso wie der K\u00f6rnerpark \u2013 [&hellip;]<\/p>\n","protected":false},"author":1,"featured_media":0,"comment_status":"open","ping_status":"closed","sticky":false,"template":"","format":"standard","meta":{"footnotes":""},"categories":[5],"tags":[633],"class_list":["post-8926","post","type-post","status-publish","format-standard","hentry","category-ausstellungen","tag-galerie-im-kornerpark"],"_links":{"self":[{"href":"https:\/\/mitue.de\/index.php?rest_route=\/wp\/v2\/posts\/8926","targetHints":{"allow":["GET"]}}],"collection":[{"href":"https:\/\/mitue.de\/index.php?rest_route=\/wp\/v2\/posts"}],"about":[{"href":"https:\/\/mitue.de\/index.php?rest_route=\/wp\/v2\/types\/post"}],"author":[{"embeddable":true,"href":"https:\/\/mitue.de\/index.php?rest_route=\/wp\/v2\/users\/1"}],"replies":[{"embeddable":true,"href":"https:\/\/mitue.de\/index.php?rest_route=%2Fwp%2Fv2%2Fcomments&post=8926"}],"version-history":[{"count":2,"href":"https:\/\/mitue.de\/index.php?rest_route=\/wp\/v2\/posts\/8926\/revisions"}],"predecessor-version":[{"id":8928,"href":"https:\/\/mitue.de\/index.php?rest_route=\/wp\/v2\/posts\/8926\/revisions\/8928"}],"wp:attachment":[{"href":"https:\/\/mitue.de\/index.php?rest_route=%2Fwp%2Fv2%2Fmedia&parent=8926"}],"wp:term":[{"taxonomy":"category","embeddable":true,"href":"https:\/\/mitue.de\/index.php?rest_route=%2Fwp%2Fv2%2Fcategories&post=8926"},{"taxonomy":"post_tag","embeddable":true,"href":"https:\/\/mitue.de\/index.php?rest_route=%2Fwp%2Fv2%2Ftags&post=8926"}],"curies":[{"name":"wp","href":"https:\/\/api.w.org\/{rel}","templated":true}]}}