{"id":9019,"date":"2022-12-28T17:22:52","date_gmt":"2022-12-28T16:22:52","guid":{"rendered":"https:\/\/mitue.de\/?p=9019"},"modified":"2023-01-26T15:53:44","modified_gmt":"2023-01-26T14:53:44","slug":"michel-majerus","status":"publish","type":"post","link":"https:\/\/mitue.de\/?p=9019","title":{"rendered":"Michel Majerus I"},"content":{"rendered":"<blockquote><p>Man darf gespannt sein, in welcher Gr\u00f6\u00dfenordnung zum 20. Todestag des K\u00fcnstlers gedacht wird.<\/p><\/blockquote>\n<p><a href=\"https:\/\/kingkunst.de\/zeitgenoessisches\/popart-michel-majerus-berlin-90er\/\">Michel Majerus &#8211; ein Virtuose der Pop-Melancholie<\/a><\/p>\n<p><a href=\"https:\/\/www.kw-berlin.de\/michel-majerus\/\">EARLY WORKS<\/a> in den Kunstwerken Berlin <\/p>\n<p><a href=\"https:\/\/www.flickr.com\/photos\/mitue\/52592043970\/in\/dateposted\/\" title=\"KWerke 07\"><img loading=\"lazy\" decoding=\"async\" src=\"https:\/\/live.staticflickr.com\/65535\/52592043970_6a78b6faeb.jpg\" width=\"500\" height=\"407\" alt=\"KWerke 07\"><\/a><\/p>\n<p><a href=\"https:\/\/www.flickr.com\/photos\/mitue\/52592043790\/in\/dateposted\/\" title=\"KWerke 09\"><img loading=\"lazy\" decoding=\"async\" src=\"https:\/\/live.staticflickr.com\/65535\/52592043790_e2e29e29d6.jpg\" width=\"500\" height=\"500\" alt=\"KWerke 09\"><\/a><\/p>\n<p>Ausstellungsreihe &#8222;<a href=\"https:\/\/michelmajerus2022.com\">Michel Majerus 2022<\/a>&#8222;<\/p>\n","protected":false},"excerpt":{"rendered":"<p>Man darf gespannt sein, in welcher Gr\u00f6\u00dfenordnung zum 20. Todestag des K\u00fcnstlers gedacht wird. Michel Majerus &#8211; ein Virtuose der Pop-Melancholie EARLY WORKS in den Kunstwerken Berlin Ausstellungsreihe &#8222;Michel Majerus 2022&#8222;<\/p>\n","protected":false},"author":1,"featured_media":0,"comment_status":"open","ping_status":"closed","sticky":false,"template":"","format":"standard","meta":{"footnotes":""},"categories":[5],"tags":[73,754],"class_list":["post-9019","post","type-post","status-publish","format-standard","hentry","category-ausstellungen","tag-kunstwerke","tag-michel-majerus"],"_links":{"self":[{"href":"https:\/\/mitue.de\/index.php?rest_route=\/wp\/v2\/posts\/9019","targetHints":{"allow":["GET"]}}],"collection":[{"href":"https:\/\/mitue.de\/index.php?rest_route=\/wp\/v2\/posts"}],"about":[{"href":"https:\/\/mitue.de\/index.php?rest_route=\/wp\/v2\/types\/post"}],"author":[{"embeddable":true,"href":"https:\/\/mitue.de\/index.php?rest_route=\/wp\/v2\/users\/1"}],"replies":[{"embeddable":true,"href":"https:\/\/mitue.de\/index.php?rest_route=%2Fwp%2Fv2%2Fcomments&post=9019"}],"version-history":[{"count":4,"href":"https:\/\/mitue.de\/index.php?rest_route=\/wp\/v2\/posts\/9019\/revisions"}],"predecessor-version":[{"id":9057,"href":"https:\/\/mitue.de\/index.php?rest_route=\/wp\/v2\/posts\/9019\/revisions\/9057"}],"wp:attachment":[{"href":"https:\/\/mitue.de\/index.php?rest_route=%2Fwp%2Fv2%2Fmedia&parent=9019"}],"wp:term":[{"taxonomy":"category","embeddable":true,"href":"https:\/\/mitue.de\/index.php?rest_route=%2Fwp%2Fv2%2Fcategories&post=9019"},{"taxonomy":"post_tag","embeddable":true,"href":"https:\/\/mitue.de\/index.php?rest_route=%2Fwp%2Fv2%2Ftags&post=9019"}],"curies":[{"name":"wp","href":"https:\/\/api.w.org\/{rel}","templated":true}]}}