{"id":91,"date":"2008-03-23T16:55:10","date_gmt":"2008-03-23T15:55:10","guid":{"rendered":"http:\/\/mitue.de\/?p=91"},"modified":"2008-03-23T16:58:06","modified_gmt":"2008-03-23T15:58:06","slug":"frohe-ostern","status":"publish","type":"post","link":"https:\/\/mitue.de\/?p=91","title":{"rendered":"Frohe Ostern"},"content":{"rendered":"<p><a href=\"http:\/\/www.flickr.com\/photos\/mitue\/2348785515\/\" title=\"Frohe Ostern by mitue, on Flickr\"><img loading=\"lazy\" decoding=\"async\" border=\"0\" width=\"500\" src=\"http:\/\/farm4.static.flickr.com\/3252\/2348785515_1ba4927e0f.jpg\" alt=\"Frohe Ostern\" height=\"355\" \/><\/a><\/p>\n<p>Oh, <a href=\"http:\/\/de.wikipedia.org\/wiki\/Osterdatum#Berechnung_des_Osterdatums\">heute ist ja schon Ostern<\/a>. Der 23. M\u00e4rz ist aber nicht der fr\u00fchestm\u00f6gliche Ostertermin. Ostern kann auch auf den 22. M\u00e4rz fallen. Das war 1818 der Fall. Der sp\u00e4teste Ostertermin ist der 25. April. Das wird 2038 wieder einmal der Fall sein.<br \/>\nDann ist Espen 30 Jahre alt und hat keine Chance, nur mit einem H\u00e4schen in den H\u00e4nden als Kunstspaziergangsbeitrag zu erscheinen. Dann muss er schon ein eigenes Kunstprodukt in den H\u00e4nden halten.<br \/>\n<a href=\"http:\/\/www.onlinekunst.de\/ostern\/hase\/\">Der Hase in der Kunst und Literatur <\/a><br \/>\n<a href=\"http:\/\/de.wikipedia.org\/wiki\/Wie_man_dem_toten_Hasen_die_Bilder_erkl%C3%A4rt\">Wie man dem toten Hasen die Bilder erkl\u00e4rt <\/a><\/p>\n","protected":false},"excerpt":{"rendered":"<p>Oh, heute ist ja schon Ostern. Der 23. M\u00e4rz ist aber nicht der fr\u00fchestm\u00f6gliche Ostertermin. Ostern kann auch auf den 22. M\u00e4rz fallen. Das war 1818 der Fall. Der sp\u00e4teste Ostertermin ist der 25. April. Das wird 2038 wieder einmal der Fall sein. Dann ist Espen 30 Jahre alt und hat keine Chance, nur mit [&hellip;]<\/p>\n","protected":false},"author":1,"featured_media":0,"comment_status":"open","ping_status":"open","sticky":false,"template":"","format":"standard","meta":{"footnotes":""},"categories":[27],"tags":[33],"class_list":["post-91","post","type-post","status-publish","format-standard","hentry","category-berliner-umgebung","tag-privat"],"_links":{"self":[{"href":"https:\/\/mitue.de\/index.php?rest_route=\/wp\/v2\/posts\/91","targetHints":{"allow":["GET"]}}],"collection":[{"href":"https:\/\/mitue.de\/index.php?rest_route=\/wp\/v2\/posts"}],"about":[{"href":"https:\/\/mitue.de\/index.php?rest_route=\/wp\/v2\/types\/post"}],"author":[{"embeddable":true,"href":"https:\/\/mitue.de\/index.php?rest_route=\/wp\/v2\/users\/1"}],"replies":[{"embeddable":true,"href":"https:\/\/mitue.de\/index.php?rest_route=%2Fwp%2Fv2%2Fcomments&post=91"}],"version-history":[{"count":0,"href":"https:\/\/mitue.de\/index.php?rest_route=\/wp\/v2\/posts\/91\/revisions"}],"wp:attachment":[{"href":"https:\/\/mitue.de\/index.php?rest_route=%2Fwp%2Fv2%2Fmedia&parent=91"}],"wp:term":[{"taxonomy":"category","embeddable":true,"href":"https:\/\/mitue.de\/index.php?rest_route=%2Fwp%2Fv2%2Fcategories&post=91"},{"taxonomy":"post_tag","embeddable":true,"href":"https:\/\/mitue.de\/index.php?rest_route=%2Fwp%2Fv2%2Ftags&post=91"}],"curies":[{"name":"wp","href":"https:\/\/api.w.org\/{rel}","templated":true}]}}