{"id":9135,"date":"2023-03-30T10:18:05","date_gmt":"2023-03-30T09:18:05","guid":{"rendered":"https:\/\/mitue.de\/?p=9135"},"modified":"2023-03-30T10:29:31","modified_gmt":"2023-03-30T09:29:31","slug":"was-tun-mit-der-welt","status":"publish","type":"post","link":"https:\/\/mitue.de\/?p=9135","title":{"rendered":"Was tun mit der Welt?"},"content":{"rendered":"<p>Bis zum 11. Juni 2023 f\u00fchrt das Berliner Haus der Kulturen der Welt ein Projekt <a href=\"https:\/\/www.kunstforum.de\/nachrichten\/hkw-berlin-plakatkampagne-mit-wolfgang-tillmans\/\">\u201eWas tun mit der Welt?\u201c<\/a> durch. Dazu wurden \u201ezw\u00f6lf Menschen, die sich in ihrer Arbeit \u00fcber Disziplinen und Kontexte hinweg mit dem Zustand der Welt besch\u00e4ftigen, um Antworten auf diese Frage gebeten. Der K\u00fcnstler Wolfgang Tillmans hat daf\u00fcr typografische und fotografische Interpretationen der zw\u00f6lf Antworten geschaffen, die derzeit auf Plakatw\u00e4nden in ganz Berlin zu sehen sind \u2026\u201c, z.B. unter den Yorckbr\u00fccken:<\/p>\n<p><a href=\"https:\/\/www.flickr.com\/photos\/mitue\/52781175569\/in\/dateposted\/\" title=\"Hemley Boum\"><img loading=\"lazy\" decoding=\"async\" src=\"https:\/\/live.staticflickr.com\/65535\/52781175569_43c28c1079.jpg\" width=\"500\" height=\"333\" alt=\"Hemley Boum\"\/><\/a><\/p>\n<p><a href=\"https:\/\/www.flickr.com\/photos\/mitue\/52781175719\/in\/dateposted\/\" title=\"world\"><img loading=\"lazy\" decoding=\"async\" src=\"https:\/\/live.staticflickr.com\/65535\/52781175719_ee356bcd9e.jpg\" width=\"500\" height=\"333\" alt=\"world\"\/><\/a><\/p>\n<p><a href=\"https:\/\/www.flickr.com\/photos\/mitue\/52781397878\/in\/dateposted\/\" title=\"Marys\u00e9 Cond\u00e9\"><img loading=\"lazy\" decoding=\"async\" src=\"https:\/\/live.staticflickr.com\/65535\/52781397878_5f0d1ef2a3.jpg\" width=\"500\" height=\"333\" alt=\"Marys\u00e9 Cond\u00e9\"\/><\/a><\/p>\n<p><a href=\"https:\/\/www.flickr.com\/photos\/mitue\/52780393617\/in\/dateposted\/\" title=\"Ricardo Domeneck\"><img loading=\"lazy\" decoding=\"async\" src=\"https:\/\/live.staticflickr.com\/65535\/52780393617_6298c505de.jpg\" width=\"500\" height=\"333\" alt=\"Ricardo Domeneck\"\/><\/a><\/p>\n","protected":false},"excerpt":{"rendered":"<p>Bis zum 11. Juni 2023 f\u00fchrt das Berliner Haus der Kulturen der Welt ein Projekt \u201eWas tun mit der Welt?\u201c durch. Dazu wurden \u201ezw\u00f6lf Menschen, die sich in ihrer Arbeit \u00fcber Disziplinen und Kontexte hinweg mit dem Zustand der Welt besch\u00e4ftigen, um Antworten auf diese Frage gebeten. Der K\u00fcnstler Wolfgang Tillmans hat daf\u00fcr typografische und [&hellip;]<\/p>\n","protected":false},"author":1,"featured_media":0,"comment_status":"open","ping_status":"closed","sticky":false,"template":"","format":"standard","meta":{"footnotes":""},"categories":[3],"tags":[751],"class_list":["post-9135","post","type-post","status-publish","format-standard","hentry","category-kunst-im-offentlichen-raum","tag-billboard"],"_links":{"self":[{"href":"https:\/\/mitue.de\/index.php?rest_route=\/wp\/v2\/posts\/9135","targetHints":{"allow":["GET"]}}],"collection":[{"href":"https:\/\/mitue.de\/index.php?rest_route=\/wp\/v2\/posts"}],"about":[{"href":"https:\/\/mitue.de\/index.php?rest_route=\/wp\/v2\/types\/post"}],"author":[{"embeddable":true,"href":"https:\/\/mitue.de\/index.php?rest_route=\/wp\/v2\/users\/1"}],"replies":[{"embeddable":true,"href":"https:\/\/mitue.de\/index.php?rest_route=%2Fwp%2Fv2%2Fcomments&post=9135"}],"version-history":[{"count":3,"href":"https:\/\/mitue.de\/index.php?rest_route=\/wp\/v2\/posts\/9135\/revisions"}],"predecessor-version":[{"id":9138,"href":"https:\/\/mitue.de\/index.php?rest_route=\/wp\/v2\/posts\/9135\/revisions\/9138"}],"wp:attachment":[{"href":"https:\/\/mitue.de\/index.php?rest_route=%2Fwp%2Fv2%2Fmedia&parent=9135"}],"wp:term":[{"taxonomy":"category","embeddable":true,"href":"https:\/\/mitue.de\/index.php?rest_route=%2Fwp%2Fv2%2Fcategories&post=9135"},{"taxonomy":"post_tag","embeddable":true,"href":"https:\/\/mitue.de\/index.php?rest_route=%2Fwp%2Fv2%2Ftags&post=9135"}],"curies":[{"name":"wp","href":"https:\/\/api.w.org\/{rel}","templated":true}]}}