{"id":914,"date":"2009-12-30T19:56:54","date_gmt":"2009-12-30T18:56:54","guid":{"rendered":"http:\/\/mitue.de\/?p=914"},"modified":"2009-12-30T19:56:54","modified_gmt":"2009-12-30T18:56:54","slug":"grabstatte-adolph-menzel","status":"publish","type":"post","link":"https:\/\/mitue.de\/?p=914","title":{"rendered":"Grabst\u00e4tte Adolph Menzel"},"content":{"rendered":"<p><a title=\"Menzel2 von mitue bei Flickr\" href=\"http:\/\/www.flickr.com\/photos\/mitue\/4229098362\/\"><img loading=\"lazy\" decoding=\"async\" src=\"http:\/\/farm3.static.flickr.com\/2643\/4229098362_2031577c25.jpg\" border=\"0\" alt=\"Menzel2\" width=\"500\" height=\"333\" \/><\/a><\/p>\n<blockquote><p>Das monumentale, aus poliertem, fast schwarzen Labradorgranit gef\u00fcgte Wandgrab der &#8222;Kleinen Excellenz&#8220; <a href=\"http:\/\/de.wikipedia.org\/wiki\/Adolph_Menzel\">Adolph Menzel<\/a> liegt etwas erh\u00f6ht am ansteigendem \u00f6stlichen Erschlie\u00dfungsweg des Kreuzberger <a href=\"http:\/\/de.wikipedia.org\/wiki\/Dreifaltigkeitskirchhof_II\">Dreifaltigkeitskirchhof II<\/a> in der Bergmannstra\u00dfe. Das Zentrum der altargleichen R\u00fcckwand bildet die krass naturalistische B\u00fcste Menzels, das 1905 nach dem um 1874 f\u00fcr die Nationalgalerie von Reinhold Begas geschaffene Portr\u00e4tbildnis.<br \/>\n(aus: Gartendenkmale in Berlin &#8211; Friedh\u00f6fe, Text von J\u00f6rg Kuhn)<\/p><\/blockquote>\n","protected":false},"excerpt":{"rendered":"<p>Das monumentale, aus poliertem, fast schwarzen Labradorgranit gef\u00fcgte Wandgrab der &#8222;Kleinen Excellenz&#8220; Adolph Menzel liegt etwas erh\u00f6ht am ansteigendem \u00f6stlichen Erschlie\u00dfungsweg des Kreuzberger Dreifaltigkeitskirchhof II in der Bergmannstra\u00dfe. Das Zentrum der altargleichen R\u00fcckwand bildet die krass naturalistische B\u00fcste Menzels, das 1905 nach dem um 1874 f\u00fcr die Nationalgalerie von Reinhold Begas geschaffene Portr\u00e4tbildnis. (aus: Gartendenkmale [&hellip;]<\/p>\n","protected":false},"author":1,"featured_media":0,"comment_status":"open","ping_status":"open","sticky":false,"template":"","format":"standard","meta":{"footnotes":""},"categories":[4],"tags":[223,14,216],"class_list":["post-914","post","type-post","status-publish","format-standard","hentry","category-berlin","tag-adolph-menzel","tag-friedhof","tag-reinhold-begas"],"_links":{"self":[{"href":"https:\/\/mitue.de\/index.php?rest_route=\/wp\/v2\/posts\/914","targetHints":{"allow":["GET"]}}],"collection":[{"href":"https:\/\/mitue.de\/index.php?rest_route=\/wp\/v2\/posts"}],"about":[{"href":"https:\/\/mitue.de\/index.php?rest_route=\/wp\/v2\/types\/post"}],"author":[{"embeddable":true,"href":"https:\/\/mitue.de\/index.php?rest_route=\/wp\/v2\/users\/1"}],"replies":[{"embeddable":true,"href":"https:\/\/mitue.de\/index.php?rest_route=%2Fwp%2Fv2%2Fcomments&post=914"}],"version-history":[{"count":1,"href":"https:\/\/mitue.de\/index.php?rest_route=\/wp\/v2\/posts\/914\/revisions"}],"predecessor-version":[{"id":915,"href":"https:\/\/mitue.de\/index.php?rest_route=\/wp\/v2\/posts\/914\/revisions\/915"}],"wp:attachment":[{"href":"https:\/\/mitue.de\/index.php?rest_route=%2Fwp%2Fv2%2Fmedia&parent=914"}],"wp:term":[{"taxonomy":"category","embeddable":true,"href":"https:\/\/mitue.de\/index.php?rest_route=%2Fwp%2Fv2%2Fcategories&post=914"},{"taxonomy":"post_tag","embeddable":true,"href":"https:\/\/mitue.de\/index.php?rest_route=%2Fwp%2Fv2%2Ftags&post=914"}],"curies":[{"name":"wp","href":"https:\/\/api.w.org\/{rel}","templated":true}]}}