{"id":9266,"date":"2023-07-15T13:54:24","date_gmt":"2023-07-15T12:54:24","guid":{"rendered":"https:\/\/mitue.de\/?p=9266"},"modified":"2023-07-15T13:59:16","modified_gmt":"2023-07-15T12:59:16","slug":"ein-kunstspaziergang-in-dahlem","status":"publish","type":"post","link":"https:\/\/mitue.de\/?p=9266","title":{"rendered":"Ein Kunstspaziergang in Dahlem"},"content":{"rendered":"<p><strong>Station 1:<\/strong> <a href=\"https:\/\/www.bruecke-museum.de\/de\/programm\/ausstellungen\/2280\/magorzata-mirga-tas-sivdem-amenge-ich-nhte-fr-uns-i-sewed-for-us\">Br\u00fccke-Museum<\/a><br \/>\n<a href=\"https:\/\/www.romarchive.eu\/de\/collection\/p\/malgorzata-mirga-tas\/\">Malgorzata Mirga-Tas<\/a><br \/>\nSivdem Amenge. Ich n\u00e4hte f\u00fcr uns. <\/p>\n<p><a href=\"https:\/\/www.flickr.com\/photos\/mitue\/53047291245\/in\/dateposted\/\" title=\"Mirga-Tas 02\"><img loading=\"lazy\" decoding=\"async\" src=\"https:\/\/live.staticflickr.com\/65535\/53047291245_09e66865cc.jpg\" width=\"500\" height=\"500\" alt=\"Mirga-Tas 02\"\/><\/a><\/p>\n<p><a href=\"https:\/\/www.flickr.com\/photos\/mitue\/53047090129\/in\/dateposted\/\" title=\"Mirga-Tas 09\"><img loading=\"lazy\" decoding=\"async\" src=\"https:\/\/live.staticflickr.com\/65535\/53047090129_6bb3a5efde.jpg\" width=\"500\" height=\"344\" alt=\"Mirga-Tas 09\"\/><\/a><\/p>\n<p><a href=\"https:\/\/www.flickr.com\/photos\/mitue\/53046906751\/in\/dateposted\/\" title=\"Mirga-Tas 10\"><img loading=\"lazy\" decoding=\"async\" src=\"https:\/\/live.staticflickr.com\/65535\/53046906751_aa35ee7b9b.jpg\" width=\"500\" height=\"338\" alt=\"Mirga-Tas 10\"\/><\/a><\/p>\n<p><strong>Station 2:<\/strong><br \/>\nIm <a href=\"https:\/\/kunsthaus-dahlem.de\">Kunsthaus Dahlem<\/a> waren wir nicht, aber im Skulpturengarten der <a href=\"https:\/\/bernhard-heiliger-stiftung.de\">Bernhard-Heiliger-Stiftung<\/a> kann man im Schatten die Seele baumeln lassen.<\/p>\n<p><a href=\"https:\/\/www.flickr.com\/photos\/mitue\/53046341912\/in\/dateposted\/\" title=\"Garten\"><img loading=\"lazy\" decoding=\"async\" src=\"https:\/\/live.staticflickr.com\/65535\/53046341912_717849f47f.jpg\" width=\"500\" height=\"500\" alt=\"Garten\"\/><\/a><\/p>\n<p><a href=\"https:\/\/www.flickr.com\/photos\/mitue\/53046938336\/in\/dateposted\/\" title=\"Skulptur\"><img loading=\"lazy\" decoding=\"async\" src=\"https:\/\/live.staticflickr.com\/65535\/53046938336_17b4c9f262.jpg\" width=\"500\" height=\"336\" alt=\"Skulptur\"\/><\/a><\/p>\n<p><strong>Station 3: <\/strong><br \/>\nPause auf dem <a href=\"https:\/\/www.berlin.de\/ba-steglitz-zehlendorf\/politik-und-verwaltung\/aemter\/strassen-und-gruenflaechenamt\/gruenflaechen\/friedhoefe\/artikel.82248.php\">Waldfriedhof Dahlem<\/a><\/p>\n<p><a href=\"https:\/\/www.flickr.com\/photos\/mitue\/53046920561\/in\/dateposted\/\" title=\"8\"><img loading=\"lazy\" decoding=\"async\" src=\"https:\/\/live.staticflickr.com\/65535\/53046920561_c8ed264666.jpg\" width=\"500\" height=\"500\" alt=\"8\"\/><\/a><\/p>\n<p><strong>Station 4: <\/strong><br \/>\n<a href=\"https:\/\/de.wikipedia.org\/wiki\/Damien_Hirst\">Damien Hirst<\/a> in der <a href=\"https:\/\/www.bastian-gallery.com\/kuenstler\/damien-hirst\/\">Galerie Bastian<\/a><br \/>\n(<a href=\"https:\/\/mitue.de\/?p=8722\">mehr<\/a> zum neuen Standort der Galerie Bastian)<\/p>\n<p><a href=\"https:\/\/www.flickr.com\/photos\/mitue\/53047445463\/in\/dateposted\/\" title=\"Hirst1\"><img loading=\"lazy\" decoding=\"async\" src=\"https:\/\/live.staticflickr.com\/65535\/53047445463_173ba826e2.jpg\" width=\"500\" height=\"500\" alt=\"Hirst1\"\/><\/a><br \/>\n\u00bbUnicorn \u2013 The Dream is Dead\u00ab (2005)<\/p>\n<p><strong>Station 5: <\/strong><br \/>\n<a href=\"https:\/\/www.gallerytalk.net\/tolia-astakhishvili-haus-waldsee\/\">Tolia Astakhishvili<\/a> mit ihren raumgreifenden Installationen im <a href=\"https:\/\/hausamwaldsee.de\/tolia-astakhishvili\/\">Haus am Waldsee<\/a><\/p>\n<p><a href=\"https:\/\/www.flickr.com\/photos\/mitue\/53046994531\/in\/dateposted\/\" title=\"Astakhishvili 07\"><img loading=\"lazy\" decoding=\"async\" src=\"https:\/\/live.staticflickr.com\/65535\/53046994531_3d1a5fcfb8.jpg\" width=\"500\" height=\"352\" alt=\"Astakhishvili 07\"\/><\/a><\/p>\n<p><a href=\"https:\/\/www.flickr.com\/photos\/mitue\/53046410097\/in\/dateposted\/\" title=\"Astakhishvili 08\"><img loading=\"lazy\" decoding=\"async\" src=\"https:\/\/live.staticflickr.com\/65535\/53046410097_3b256312bb.jpg\" width=\"500\" height=\"293\" alt=\"Astakhishvili 08\"\/><\/a><\/p>\n<p><a href=\"https:\/\/www.flickr.com\/photos\/mitue\/53047481713\/in\/dateposted\/\" title=\"Astakhishvili 04\"><img loading=\"lazy\" decoding=\"async\" src=\"https:\/\/live.staticflickr.com\/65535\/53047481713_50877d76f3.jpg\" width=\"500\" height=\"319\" alt=\"Astakhishvili 04\"\/><\/a><\/p>\n","protected":false},"excerpt":{"rendered":"<p>Station 1: Br\u00fccke-Museum Malgorzata Mirga-Tas Sivdem Amenge. Ich n\u00e4hte f\u00fcr uns. Station 2: Im Kunsthaus Dahlem waren wir nicht, aber im Skulpturengarten der Bernhard-Heiliger-Stiftung kann man im Schatten die Seele baumeln lassen. Station 3: Pause auf dem Waldfriedhof Dahlem Station 4: Damien Hirst in der Galerie Bastian (mehr zum neuen Standort der Galerie Bastian) \u00bbUnicorn [&hellip;]<\/p>\n","protected":false},"author":1,"featured_media":0,"comment_status":"open","ping_status":"closed","sticky":false,"template":"","format":"standard","meta":{"footnotes":""},"categories":[5],"tags":[705,765,239],"class_list":["post-9266","post","type-post","status-publish","format-standard","hentry","category-ausstellungen","tag-bruecke-museum","tag-dahlem","tag-haus-am-waldsee"],"_links":{"self":[{"href":"https:\/\/mitue.de\/index.php?rest_route=\/wp\/v2\/posts\/9266","targetHints":{"allow":["GET"]}}],"collection":[{"href":"https:\/\/mitue.de\/index.php?rest_route=\/wp\/v2\/posts"}],"about":[{"href":"https:\/\/mitue.de\/index.php?rest_route=\/wp\/v2\/types\/post"}],"author":[{"embeddable":true,"href":"https:\/\/mitue.de\/index.php?rest_route=\/wp\/v2\/users\/1"}],"replies":[{"embeddable":true,"href":"https:\/\/mitue.de\/index.php?rest_route=%2Fwp%2Fv2%2Fcomments&post=9266"}],"version-history":[{"count":15,"href":"https:\/\/mitue.de\/index.php?rest_route=\/wp\/v2\/posts\/9266\/revisions"}],"predecessor-version":[{"id":9282,"href":"https:\/\/mitue.de\/index.php?rest_route=\/wp\/v2\/posts\/9266\/revisions\/9282"}],"wp:attachment":[{"href":"https:\/\/mitue.de\/index.php?rest_route=%2Fwp%2Fv2%2Fmedia&parent=9266"}],"wp:term":[{"taxonomy":"category","embeddable":true,"href":"https:\/\/mitue.de\/index.php?rest_route=%2Fwp%2Fv2%2Fcategories&post=9266"},{"taxonomy":"post_tag","embeddable":true,"href":"https:\/\/mitue.de\/index.php?rest_route=%2Fwp%2Fv2%2Ftags&post=9266"}],"curies":[{"name":"wp","href":"https:\/\/api.w.org\/{rel}","templated":true}]}}