{"id":9337,"date":"2023-09-16T09:05:54","date_gmt":"2023-09-16T08:05:54","guid":{"rendered":"https:\/\/mitue.de\/?p=9337"},"modified":"2023-09-16T10:12:11","modified_gmt":"2023-09-16T09:12:11","slug":"mit-hermann-fuerst-von-pueckler-in-bad-muskau","status":"publish","type":"post","link":"https:\/\/mitue.de\/?p=9337","title":{"rendered":"Mit Hermann F\u00fcrst von P\u00fcckler in Bad Muskau"},"content":{"rendered":"<p><strong>Die Brauerei<\/strong><\/p>\n<p>1815 entschloss sich P\u00fcckler zum Bau einer neuen Brauerei und beauftragte 1840 den vom K\u00f6nig von Preu\u00dfen Friedrich Wilhelm IV. zu seinem Hofarchitekten ernannten Ludwig Persius, einem Meistersch\u00fcler Schinkels, mit dem Neubau. <\/p>\n<p><a href=\"https:\/\/www.flickr.com\/photos\/mitue\/53190934363\/in\/dateposted\/\" title=\"BMu 003\"><img loading=\"lazy\" decoding=\"async\" src=\"https:\/\/live.staticflickr.com\/65535\/53190934363_66a888895e.jpg\" width=\"500\" height=\"333\" alt=\"BMu 003\"\/><\/a><\/p>\n<p><a href=\"https:\/\/www.flickr.com\/photos\/mitue\/53190583746\/in\/dateposted\/\" title=\"BMu 083\"><img loading=\"lazy\" decoding=\"async\" src=\"https:\/\/live.staticflickr.com\/65535\/53190583746_33b7c97c84.jpg\" width=\"500\" height=\"500\" alt=\"BMu 083\"\/><\/a><\/p>\n<p><strong>Die Hermannseiche<\/strong><\/p>\n<p>P\u00fcckler gruppierte halbkreisf\u00f6rmig neun Steinsitze aus Findlingen um eine uralte Eiche und assoziiert damit eine altgermanische Thingst\u00e4tte. <\/p>\n<p><a href=\"https:\/\/www.flickr.com\/photos\/mitue\/53190117907\/in\/photostream\/\" title=\"BMu 042\"><img loading=\"lazy\" decoding=\"async\" src=\"https:\/\/live.staticflickr.com\/65535\/53190117907_a90ab19c71.jpg\" width=\"500\" height=\"333\" alt=\"BMu 042\"\/><\/a><\/p>\n<p><a href=\"https:\/\/www.flickr.com\/photos\/mitue\/53190118567\/in\/dateposted\/\" title=\"BMu 045\"><img loading=\"lazy\" decoding=\"async\" src=\"https:\/\/live.staticflickr.com\/65535\/53190118567_8a6110d178.jpg\" width=\"500\" height=\"338\" alt=\"BMu 045\"\/><\/a><\/p>\n<p>Der Eichenveteran wurde 1987 durch Brandstiftung vernichtet. Inzwischen wurde ein Nachfolger in den Torso hinein gepflanzt, ganz so, wie es bei der F\u00fcrst-P\u00fcckler-Blutbuche am Schlo\u00df Muskau geschehen ist. Durch den direkten Vergleich sp\u00fcrt die einstige Ausstrahlung des vergangenen Riesen mit ehemals 8,50 m Umfang auch heute noch.<\/p>\n<p><a href=\"https:\/\/www.flickr.com\/photos\/mitue\/53190375269\/in\/dateposted\/\" title=\"BMu 025\"><img loading=\"lazy\" decoding=\"async\" src=\"https:\/\/live.staticflickr.com\/65535\/53190375269_4185cd7810.jpg\" width=\"500\" height=\"333\" alt=\"BMu 025\"\/><\/a><\/p>\n<p><strong>Das Hermannsbad<\/strong><\/p>\n<p>Die Anlage des Muskauer Parks verschlang so viel Geld, dass der F\u00fcrst und seine Frau Lucie unentwegt nach neuen Einnahmem\u00f6glichkeiten suchten. 1822 wurden in Muskau zwei Heilwasser-Quellen \u2013 eine Bade- und eine Trinkquelle \u2013 gefunden, deren Heilwirkung durch einen reichen Eisengehalt untersucht und nachgewiesen worden war. Analysen zeigten, dass das Eisenmoor in Muskau an Wirksamkeit bedeutend reicher war als das in Marienbad in B\u00f6hmen.<br \/>\nLucie lie\u00df auf dem Gel\u00e4nde des Parks ein Kurbad errichten: ein Mineralbad, ein Restaurationsgeb\u00e4ude und ein Logierhaus. Das Bad wurde nach dem f\u00fcrstlichen Besitzer benannt und als \u201eHermannsbad\u201c eingeweiht. Der offizielle Badebetrieb begann mit 130 Kurg\u00e4sten am 22. Juni 1823.<\/p>\n<p><a href=\"https:\/\/www.flickr.com\/photos\/mitue\/53190382134\/in\/dateposted\/\" title=\"BMu 062\"><img loading=\"lazy\" decoding=\"async\" src=\"https:\/\/live.staticflickr.com\/65535\/53190382134_3aa3e692f0.jpg\" width=\"500\" height=\"365\" alt=\"BMu 062\"\/><\/a><\/p>\n<p><a href=\"https:\/\/www.flickr.com\/photos\/mitue\/53190121787\/in\/dateposted\/\" title=\"BMu 063\"><img loading=\"lazy\" decoding=\"async\" src=\"https:\/\/live.staticflickr.com\/65535\/53190121787_440d220b8e.jpg\" width=\"500\" height=\"500\" alt=\"BMu 063\"\/><\/a><\/p>\n<p><strong>Das Schloss und der Park<\/strong><\/p>\n<p><a href=\"https:\/\/www.flickr.com\/photos\/mitue\/53190122477\/in\/dateposted\/\" title=\"BMu 071\"><img loading=\"lazy\" decoding=\"async\" src=\"https:\/\/live.staticflickr.com\/65535\/53190122477_c586c9c481.jpg\" width=\"500\" height=\"500\" alt=\"BMu 071\"\/><\/a><\/p>\n<p><a href=\"https:\/\/www.flickr.com\/photos\/mitue\/53190574696\/in\/dateposted\/\" title=\"BMu 026\"><img loading=\"lazy\" decoding=\"async\" src=\"https:\/\/live.staticflickr.com\/65535\/53190574696_eb8231993e.jpg\" width=\"500\" height=\"333\" alt=\"BMu 026\"\/><\/a><\/p>\n<p><a href=\"https:\/\/www.flickr.com\/photos\/mitue\/53190765220\/in\/dateposted\/\" title=\"BMu 020\"><img loading=\"lazy\" decoding=\"async\" src=\"https:\/\/live.staticflickr.com\/65535\/53190765220_7b3d8951fb.jpg\" width=\"500\" height=\"333\" alt=\"BMu 020\"\/><\/a><\/p>\n<p><a href=\"https:\/\/www.flickr.com\/photos\/mitue\/53190938023\/in\/dateposted\/\" title=\"BMu 024\"><img loading=\"lazy\" decoding=\"async\" src=\"https:\/\/live.staticflickr.com\/65535\/53190938023_bf4af4c610.jpg\" width=\"500\" height=\"333\" alt=\"BMu 024\"\/><\/a><\/p>\n<p>Die feierliche Einweihung des im Gesamtkonzept wahrscheinlich bedeutendsten englischen Landschaftsgarten au\u00dferhalb Englands findet am 23. Juni 1823 statt.<br \/>\n(Heinz Ohff, Der gr\u00fcne F\u00fcrst &#8211; Das abenteuerliche Leben des Hermann P\u00fcckler-Muskau)<\/p>\n<p><a href=\"https:\/\/www.flickr.com\/photos\/mitue\/53190376459\/in\/dateposted\/\" title=\"BMu 031\"><img loading=\"lazy\" decoding=\"async\" src=\"https:\/\/live.staticflickr.com\/65535\/53190376459_375e85ea00.jpg\" width=\"500\" height=\"333\" alt=\"BMu 031\"\/><\/a><\/p>\n<p><a href=\"https:\/\/www.flickr.com\/photos\/mitue\/53190581071\/in\/dateposted\/\" title=\"BMu 057\"><img loading=\"lazy\" decoding=\"async\" src=\"https:\/\/live.staticflickr.com\/65535\/53190581071_5a18f92d25.jpg\" width=\"500\" height=\"333\" alt=\"BMu 057\"\/><\/a><\/p>\n<p><a href=\"https:\/\/www.flickr.com\/photos\/mitue\/53190117717\/in\/dateposted\/\" title=\"BMu 040\"><img loading=\"lazy\" decoding=\"async\" src=\"https:\/\/live.staticflickr.com\/65535\/53190117717_6bafe5cc03.jpg\" width=\"500\" height=\"333\" alt=\"BMu 040\"\/><\/a><\/p>\n<p><a href=\"https:\/\/www.flickr.com\/photos\/mitue\/53190373579\/in\/dateposted\/\" title=\"BMu 019\"><img loading=\"lazy\" decoding=\"async\" src=\"https:\/\/live.staticflickr.com\/65535\/53190373579_e592aafeee.jpg\" width=\"500\" height=\"500\" alt=\"BMu 019\"\/><\/a><\/p>\n","protected":false},"excerpt":{"rendered":"<p>Die Brauerei 1815 entschloss sich P\u00fcckler zum Bau einer neuen Brauerei und beauftragte 1840 den vom K\u00f6nig von Preu\u00dfen Friedrich Wilhelm IV. zu seinem Hofarchitekten ernannten Ludwig Persius, einem Meistersch\u00fcler Schinkels, mit dem Neubau. Die Hermannseiche P\u00fcckler gruppierte halbkreisf\u00f6rmig neun Steinsitze aus Findlingen um eine uralte Eiche und assoziiert damit eine altgermanische Thingst\u00e4tte. Der Eichenveteran [&hellip;]<\/p>\n","protected":false},"author":1,"featured_media":0,"comment_status":"open","ping_status":"closed","sticky":false,"template":"","format":"standard","meta":{"footnotes":""},"categories":[7],"tags":[769],"class_list":["post-9337","post","type-post","status-publish","format-standard","hentry","category-jwd","tag-bad-muskau"],"_links":{"self":[{"href":"https:\/\/mitue.de\/index.php?rest_route=\/wp\/v2\/posts\/9337","targetHints":{"allow":["GET"]}}],"collection":[{"href":"https:\/\/mitue.de\/index.php?rest_route=\/wp\/v2\/posts"}],"about":[{"href":"https:\/\/mitue.de\/index.php?rest_route=\/wp\/v2\/types\/post"}],"author":[{"embeddable":true,"href":"https:\/\/mitue.de\/index.php?rest_route=\/wp\/v2\/users\/1"}],"replies":[{"embeddable":true,"href":"https:\/\/mitue.de\/index.php?rest_route=%2Fwp%2Fv2%2Fcomments&post=9337"}],"version-history":[{"count":10,"href":"https:\/\/mitue.de\/index.php?rest_route=\/wp\/v2\/posts\/9337\/revisions"}],"predecessor-version":[{"id":9347,"href":"https:\/\/mitue.de\/index.php?rest_route=\/wp\/v2\/posts\/9337\/revisions\/9347"}],"wp:attachment":[{"href":"https:\/\/mitue.de\/index.php?rest_route=%2Fwp%2Fv2%2Fmedia&parent=9337"}],"wp:term":[{"taxonomy":"category","embeddable":true,"href":"https:\/\/mitue.de\/index.php?rest_route=%2Fwp%2Fv2%2Fcategories&post=9337"},{"taxonomy":"post_tag","embeddable":true,"href":"https:\/\/mitue.de\/index.php?rest_route=%2Fwp%2Fv2%2Ftags&post=9337"}],"curies":[{"name":"wp","href":"https:\/\/api.w.org\/{rel}","templated":true}]}}