{"id":9352,"date":"2023-09-17T15:25:45","date_gmt":"2023-09-17T14:25:45","guid":{"rendered":"https:\/\/mitue.de\/?p=9352"},"modified":"2023-09-17T15:25:45","modified_gmt":"2023-09-17T14:25:45","slug":"positions-berlin-art-fair-2","status":"publish","type":"post","link":"https:\/\/mitue.de\/?p=9352","title":{"rendered":"Positions Berlin Art Fair"},"content":{"rendered":"<p><a href=\"https:\/\/www.flickr.com\/photos\/mitue\/53191459101\/in\/dateposted\/\" title=\"Positions Berlin 01\"><img loading=\"lazy\" decoding=\"async\" src=\"https:\/\/live.staticflickr.com\/65535\/53191459101_dee177730d.jpg\" width=\"500\" height=\"500\" alt=\"Positions Berlin 01\"\/><\/a><\/p>\n<p>Mit ihrer zehnten Ausgabe l\u00e4utet die <a href=\"https:\/\/positions.de\">POSITIONS Berlin Art Fair<\/a> den <a href=\"https:\/\/berlinartweek.de\">Kunstherbst in Berlin<\/a> ein und erm\u00f6glicht 100 ausgew\u00e4hlten Galerien aus 20 L\u00e4ndern, ihre k\u00fcnstlerischen Positionen aus zeitgen\u00f6ssischer und moderner Kunst einem gro\u00dfen internationalen Publikum zu pr\u00e4sentieren. Zum 30-j\u00e4hrigen Bestehen der Partnerschaft zwischen Berlin und Mexico-City werden ausgew\u00e4hlte mexikanische Galerien einen Schwerpunkt bilden.<\/p>\n<p><a href=\"https:\/\/www.flickr.com\/photos\/mitue\/53191257814\/in\/dateposted\/\" title=\"Positions Berlin 03\"><img loading=\"lazy\" decoding=\"async\" src=\"https:\/\/live.staticflickr.com\/65535\/53191257814_75c85fa251.jpg\" width=\"500\" height=\"370\" alt=\"Positions Berlin 03\"\/><\/a><\/p>\n<p><a href=\"https:\/\/www.flickr.com\/photos\/mitue\/53191459721\/in\/dateposted\/\" title=\"Positions Berlin 12\"><img loading=\"lazy\" decoding=\"async\" src=\"https:\/\/live.staticflickr.com\/65535\/53191459721_6f17d4eb2c.jpg\" width=\"500\" height=\"500\" alt=\"Positions Berlin 12\"\/><\/a><\/p>\n<p><a href=\"https:\/\/www.flickr.com\/photos\/mitue\/53191820918\/in\/dateposted\/\" title=\"Positions Berlin 08\"><img loading=\"lazy\" decoding=\"async\" src=\"https:\/\/live.staticflickr.com\/65535\/53191820918_b5dc8a895f.jpg\" width=\"500\" height=\"427\" alt=\"Positions Berlin 08\"\/><\/a><\/p>\n","protected":false},"excerpt":{"rendered":"<p>Mit ihrer zehnten Ausgabe l\u00e4utet die POSITIONS Berlin Art Fair den Kunstherbst in Berlin ein und erm\u00f6glicht 100 ausgew\u00e4hlten Galerien aus 20 L\u00e4ndern, ihre k\u00fcnstlerischen Positionen aus zeitgen\u00f6ssischer und moderner Kunst einem gro\u00dfen internationalen Publikum zu pr\u00e4sentieren. Zum 30-j\u00e4hrigen Bestehen der Partnerschaft zwischen Berlin und Mexico-City werden ausgew\u00e4hlte mexikanische Galerien einen Schwerpunkt bilden.<\/p>\n","protected":false},"author":1,"featured_media":0,"comment_status":"open","ping_status":"closed","sticky":false,"template":"","format":"standard","meta":{"footnotes":""},"categories":[4],"tags":[623],"class_list":["post-9352","post","type-post","status-publish","format-standard","hentry","category-berlin","tag-berlin-art-week"],"_links":{"self":[{"href":"https:\/\/mitue.de\/index.php?rest_route=\/wp\/v2\/posts\/9352","targetHints":{"allow":["GET"]}}],"collection":[{"href":"https:\/\/mitue.de\/index.php?rest_route=\/wp\/v2\/posts"}],"about":[{"href":"https:\/\/mitue.de\/index.php?rest_route=\/wp\/v2\/types\/post"}],"author":[{"embeddable":true,"href":"https:\/\/mitue.de\/index.php?rest_route=\/wp\/v2\/users\/1"}],"replies":[{"embeddable":true,"href":"https:\/\/mitue.de\/index.php?rest_route=%2Fwp%2Fv2%2Fcomments&post=9352"}],"version-history":[{"count":1,"href":"https:\/\/mitue.de\/index.php?rest_route=\/wp\/v2\/posts\/9352\/revisions"}],"predecessor-version":[{"id":9353,"href":"https:\/\/mitue.de\/index.php?rest_route=\/wp\/v2\/posts\/9352\/revisions\/9353"}],"wp:attachment":[{"href":"https:\/\/mitue.de\/index.php?rest_route=%2Fwp%2Fv2%2Fmedia&parent=9352"}],"wp:term":[{"taxonomy":"category","embeddable":true,"href":"https:\/\/mitue.de\/index.php?rest_route=%2Fwp%2Fv2%2Fcategories&post=9352"},{"taxonomy":"post_tag","embeddable":true,"href":"https:\/\/mitue.de\/index.php?rest_route=%2Fwp%2Fv2%2Ftags&post=9352"}],"curies":[{"name":"wp","href":"https:\/\/api.w.org\/{rel}","templated":true}]}}