{"id":938,"date":"2010-01-11T19:19:24","date_gmt":"2010-01-11T18:19:24","guid":{"rendered":"http:\/\/mitue.de\/?p=938"},"modified":"2010-10-19T06:56:47","modified_gmt":"2010-10-19T05:56:47","slug":"georg-elsner","status":"publish","type":"post","link":"https:\/\/mitue.de\/?p=938","title":{"rendered":"Georg Elser"},"content":{"rendered":"<p><a title=\"Georg Elsner von mitue bei Flickr\" href=\"http:\/\/www.flickr.com\/photos\/mitue\/3445236762\/\"><img loading=\"lazy\" decoding=\"async\" src=\"http:\/\/farm4.static.flickr.com\/3570\/3445236762_8b299639ea.jpg\" border=\"0\" alt=\"Georg Elsner\" width=\"500\" height=\"333\" \/><\/a><\/p>\n<p>Georg Elser in der <a href=\"http:\/\/www.freiberger-stiftung.de\/de\/engagement\/denkmalerrichtung.php\">Stra\u00dfe der Erinnerung<\/a><\/p>\n<blockquote><p>Um ihn ranken lange Zeit viele Ger\u00fcchte.<br \/>\nNoch weit nach dem Krieg wird er diffamiert. Manche sehen in dem einfachen Handwerker und Hilfsarbeiter eine Marionette der Nazis. Erst 1969 werden alle Zweifel ausger\u00e4umt: Georg Elser ist allein, als er Hitler t\u00f6ten will und am 8. November 1939 eine Bombe im M\u00fcnchner B\u00fcrgerbr\u00e4ukeller z\u00fcndet. Acht Menschen sterben. Hitler kommt davon, weil er 13 Minuten zuvor den Keller \u00fcberraschend verl\u00e4sst. W\u00e4re das Attentat gelungen, es h\u00e4tte den Gang der Weltgeschichte wie kein anderes Ereignis den 20. Jahrhundert ver\u00e4ndert. Nach seiner Verhaftung gesteht Elser die Tat. Er wird ins KZ Sachsenhausen verschleppt, sp\u00e4ter in Dachau gefangen gehalten. Dort wird er auf Befehl Hitlers am 9. April 1945 erschossen.<\/p><\/blockquote>\n","protected":false},"excerpt":{"rendered":"<p>Georg Elser in der Stra\u00dfe der Erinnerung Um ihn ranken lange Zeit viele Ger\u00fcchte. Noch weit nach dem Krieg wird er diffamiert. Manche sehen in dem einfachen Handwerker und Hilfsarbeiter eine Marionette der Nazis. Erst 1969 werden alle Zweifel ausger\u00e4umt: Georg Elser ist allein, als er Hitler t\u00f6ten will und am 8. November 1939 eine [&hellip;]<\/p>\n","protected":false},"author":1,"featured_media":0,"comment_status":"open","ping_status":"open","sticky":false,"template":"","format":"standard","meta":{"footnotes":""},"categories":[3],"tags":[25,327,229,227],"class_list":["post-938","post","type-post","status-publish","format-standard","hentry","category-kunst-im-offentlichen-raum","tag-buste","tag-georg-elser","tag-spreebogen","tag-strase-der-erinnerung"],"_links":{"self":[{"href":"https:\/\/mitue.de\/index.php?rest_route=\/wp\/v2\/posts\/938","targetHints":{"allow":["GET"]}}],"collection":[{"href":"https:\/\/mitue.de\/index.php?rest_route=\/wp\/v2\/posts"}],"about":[{"href":"https:\/\/mitue.de\/index.php?rest_route=\/wp\/v2\/types\/post"}],"author":[{"embeddable":true,"href":"https:\/\/mitue.de\/index.php?rest_route=\/wp\/v2\/users\/1"}],"replies":[{"embeddable":true,"href":"https:\/\/mitue.de\/index.php?rest_route=%2Fwp%2Fv2%2Fcomments&post=938"}],"version-history":[{"count":3,"href":"https:\/\/mitue.de\/index.php?rest_route=\/wp\/v2\/posts\/938\/revisions"}],"predecessor-version":[{"id":1536,"href":"https:\/\/mitue.de\/index.php?rest_route=\/wp\/v2\/posts\/938\/revisions\/1536"}],"wp:attachment":[{"href":"https:\/\/mitue.de\/index.php?rest_route=%2Fwp%2Fv2%2Fmedia&parent=938"}],"wp:term":[{"taxonomy":"category","embeddable":true,"href":"https:\/\/mitue.de\/index.php?rest_route=%2Fwp%2Fv2%2Fcategories&post=938"},{"taxonomy":"post_tag","embeddable":true,"href":"https:\/\/mitue.de\/index.php?rest_route=%2Fwp%2Fv2%2Ftags&post=938"}],"curies":[{"name":"wp","href":"https:\/\/api.w.org\/{rel}","templated":true}]}}