{"id":9403,"date":"2023-11-23T12:11:18","date_gmt":"2023-11-23T11:11:18","guid":{"rendered":"https:\/\/mitue.de\/?p=9403"},"modified":"2023-11-23T12:11:18","modified_gmt":"2023-11-23T11:11:18","slug":"als-haetten-wir-die-sonne-verscharrt","status":"publish","type":"post","link":"https:\/\/mitue.de\/?p=9403","title":{"rendered":"Als h\u00e4tten wir die Sonne verscharrt &#8230;"},"content":{"rendered":"<p><a href=\"https:\/\/www.flickr.com\/photos\/mitue\/53350841069\/in\/dateposted\/\" title=\"HKW 04\"><img loading=\"lazy\" decoding=\"async\" src=\"https:\/\/live.staticflickr.com\/65535\/53350841069_018f7dd48c.jpg\" width=\"500\" height=\"500\" alt=\"HKW 04\"\/><\/a><br \/>\n<a href=\"https:\/\/www.hkw.de\/programme\/as-though-we-hid-the-sun-in-a-sea-of-stories\/auseklis-bauskenieks\">Auseklis Bau\u0161kenieks<\/a><\/p>\n<blockquote><p><em><a href=\"https:\/\/www.hkw.de\/programme\/as-though-we-hid-the-sun-in-a-sea-of-stories\">Als h\u00e4tten wir die Sonne verscharrt im Meer der Geschichten<\/a><\/em> &#8211; gleicherma\u00dfen Ausstellung im HKM und Forschungsprojekt &#8211; webt einen unendlichen Stoff aus Erz\u00e4hlungen von K\u00fcnstler*innen, Kurator*innen, Schriftsteller*innen und Kenner*innen traditioneller Kulturpraktiken. Das Projekt sp\u00fcrt den vielen Welten nach, die dort neben- und miteinander existierten, h\u00e4ufig trotz oder entgegen der repressiven Vorstellungen der wechselnden Regime &#8211; vom Russischen Reich \u00fcber die UdSSR bis zum zeitgen\u00f6ssischen Russland -, die weite Teile Osteuropas sowie Zentral- und Nordasiens kontrollierten.<br \/>\n(aus dem Handbuch zur Ausstellung)<\/p><\/blockquote>\n<p><a href=\"https:\/\/www.flickr.com\/photos\/mitue\/53350519781\/in\/dateposted\/\" title=\"HKW 10\"><img loading=\"lazy\" decoding=\"async\" src=\"https:\/\/live.staticflickr.com\/65535\/53350519781_293baedb93.jpg\" width=\"500\" height=\"500\" alt=\"HKW 10\"\/><\/a><\/p>\n<p><a href=\"https:\/\/www.flickr.com\/photos\/mitue\/53350969055\/in\/dateposted\/\" title=\"Schwindende Sonne\"><img loading=\"lazy\" decoding=\"async\" src=\"https:\/\/live.staticflickr.com\/65535\/53350969055_1a08f340c3.jpg\" width=\"500\" height=\"500\" alt=\"Schwindende Sonne\"\/><\/a><br \/>\n<a href=\"https:\/\/www.hkw.de\/programme\/as-though-we-hid-the-sun-in-a-sea-of-stories\/ilmar-malin\">Ilmar Malin<\/a><\/p>\n<p><a href=\"https:\/\/www.flickr.com\/photos\/mitue\/53350841039\/in\/dateposted\/\" title=\"Tragbarer Sonnenuntergang\"><img loading=\"lazy\" decoding=\"async\" src=\"https:\/\/live.staticflickr.com\/65535\/53350841039_9e0111a4cf.jpg\" width=\"500\" height=\"500\" alt=\"Tragbarer Sonnenuntergang\"\/><\/a><br \/>\n<a href=\"http:\/\/www.ennohallek.com\">Enno Hallek<\/a><\/p>\n","protected":false},"excerpt":{"rendered":"<p>Auseklis Bau\u0161kenieks Als h\u00e4tten wir die Sonne verscharrt im Meer der Geschichten &#8211; gleicherma\u00dfen Ausstellung im HKM und Forschungsprojekt &#8211; webt einen unendlichen Stoff aus Erz\u00e4hlungen von K\u00fcnstler*innen, Kurator*innen, Schriftsteller*innen und Kenner*innen traditioneller Kulturpraktiken. Das Projekt sp\u00fcrt den vielen Welten nach, die dort neben- und miteinander existierten, h\u00e4ufig trotz oder entgegen der repressiven Vorstellungen der [&hellip;]<\/p>\n","protected":false},"author":1,"featured_media":0,"comment_status":"open","ping_status":"closed","sticky":false,"template":"","format":"standard","meta":{"footnotes":""},"categories":[5],"tags":[605],"class_list":["post-9403","post","type-post","status-publish","format-standard","hentry","category-ausstellungen","tag-hkw"],"_links":{"self":[{"href":"https:\/\/mitue.de\/index.php?rest_route=\/wp\/v2\/posts\/9403","targetHints":{"allow":["GET"]}}],"collection":[{"href":"https:\/\/mitue.de\/index.php?rest_route=\/wp\/v2\/posts"}],"about":[{"href":"https:\/\/mitue.de\/index.php?rest_route=\/wp\/v2\/types\/post"}],"author":[{"embeddable":true,"href":"https:\/\/mitue.de\/index.php?rest_route=\/wp\/v2\/users\/1"}],"replies":[{"embeddable":true,"href":"https:\/\/mitue.de\/index.php?rest_route=%2Fwp%2Fv2%2Fcomments&post=9403"}],"version-history":[{"count":4,"href":"https:\/\/mitue.de\/index.php?rest_route=\/wp\/v2\/posts\/9403\/revisions"}],"predecessor-version":[{"id":9407,"href":"https:\/\/mitue.de\/index.php?rest_route=\/wp\/v2\/posts\/9403\/revisions\/9407"}],"wp:attachment":[{"href":"https:\/\/mitue.de\/index.php?rest_route=%2Fwp%2Fv2%2Fmedia&parent=9403"}],"wp:term":[{"taxonomy":"category","embeddable":true,"href":"https:\/\/mitue.de\/index.php?rest_route=%2Fwp%2Fv2%2Fcategories&post=9403"},{"taxonomy":"post_tag","embeddable":true,"href":"https:\/\/mitue.de\/index.php?rest_route=%2Fwp%2Fv2%2Ftags&post=9403"}],"curies":[{"name":"wp","href":"https:\/\/api.w.org\/{rel}","templated":true}]}}