{"id":948,"date":"2010-01-16T18:12:31","date_gmt":"2010-01-16T17:12:31","guid":{"rendered":"http:\/\/mitue.de\/?p=948"},"modified":"2010-01-16T18:12:31","modified_gmt":"2010-01-16T17:12:31","slug":"poesie-des-untergrunds","status":"publish","type":"post","link":"https:\/\/mitue.de\/?p=948","title":{"rendered":"Poesie des Untergrunds"},"content":{"rendered":"<p><a title=\"Poesie des Untergrunds von mitue bei Flickr\" href=\"http:\/\/www.flickr.com\/photos\/mitue\/4279372658\/\"><img loading=\"lazy\" decoding=\"async\" src=\"http:\/\/farm5.static.flickr.com\/4066\/4279372658_e61784a4e4.jpg\" border=\"0\" alt=\"Poesie des Untergrunds\" width=\"500\" height=\"334\" \/><\/a><\/p>\n<blockquote><p>Im Prenzlauer Berg Museum (Prenzlauer Allee 227\/228) werden Zeugnisse der literarischen und k\u00fcnstlerischen Opposition Ostberlins aus dem letzten Jahrzehnt der untergehenden DDR pr\u00e4sentiert.<br \/>\nAnders als die Generation der Autoren und K\u00fcnstler vor ihnen, war dieser Szene nicht mehr an einem Konsens mit den sozialistischen Verh\u00e4ltnissen und ihrer Vertreter gelegen. Sie wandte sich ab von jeder Art staatlicher Institution und ignorierte offiziell gef\u00fchrte Diskurse und vorgegebene Modelle.<br \/>\n(<a href=\"http:\/\/www.poesiedesuntergrunds.de\/\">Website der Ausstellung<\/a>)<\/p><\/blockquote>\n","protected":false},"excerpt":{"rendered":"<p>Im Prenzlauer Berg Museum (Prenzlauer Allee 227\/228) werden Zeugnisse der literarischen und k\u00fcnstlerischen Opposition Ostberlins aus dem letzten Jahrzehnt der untergehenden DDR pr\u00e4sentiert. Anders als die Generation der Autoren und K\u00fcnstler vor ihnen, war dieser Szene nicht mehr an einem Konsens mit den sozialistischen Verh\u00e4ltnissen und ihrer Vertreter gelegen. Sie wandte sich ab von jeder [&hellip;]<\/p>\n","protected":false},"author":1,"featured_media":0,"comment_status":"open","ping_status":"open","sticky":false,"template":"","format":"standard","meta":{"footnotes":""},"categories":[5],"tags":[],"class_list":["post-948","post","type-post","status-publish","format-standard","hentry","category-ausstellungen"],"_links":{"self":[{"href":"https:\/\/mitue.de\/index.php?rest_route=\/wp\/v2\/posts\/948","targetHints":{"allow":["GET"]}}],"collection":[{"href":"https:\/\/mitue.de\/index.php?rest_route=\/wp\/v2\/posts"}],"about":[{"href":"https:\/\/mitue.de\/index.php?rest_route=\/wp\/v2\/types\/post"}],"author":[{"embeddable":true,"href":"https:\/\/mitue.de\/index.php?rest_route=\/wp\/v2\/users\/1"}],"replies":[{"embeddable":true,"href":"https:\/\/mitue.de\/index.php?rest_route=%2Fwp%2Fv2%2Fcomments&post=948"}],"version-history":[{"count":1,"href":"https:\/\/mitue.de\/index.php?rest_route=\/wp\/v2\/posts\/948\/revisions"}],"predecessor-version":[{"id":949,"href":"https:\/\/mitue.de\/index.php?rest_route=\/wp\/v2\/posts\/948\/revisions\/949"}],"wp:attachment":[{"href":"https:\/\/mitue.de\/index.php?rest_route=%2Fwp%2Fv2%2Fmedia&parent=948"}],"wp:term":[{"taxonomy":"category","embeddable":true,"href":"https:\/\/mitue.de\/index.php?rest_route=%2Fwp%2Fv2%2Fcategories&post=948"},{"taxonomy":"post_tag","embeddable":true,"href":"https:\/\/mitue.de\/index.php?rest_route=%2Fwp%2Fv2%2Ftags&post=948"}],"curies":[{"name":"wp","href":"https:\/\/api.w.org\/{rel}","templated":true}]}}