{"id":9657,"date":"2024-07-28T08:47:37","date_gmt":"2024-07-28T07:47:37","guid":{"rendered":"https:\/\/mitue.de\/?p=9657"},"modified":"2024-07-28T10:00:12","modified_gmt":"2024-07-28T09:00:12","slug":"archiv-der-avantgarden-ada-dresden","status":"publish","type":"post","link":"https:\/\/mitue.de\/?p=9657","title":{"rendered":"Archiv der Avantgarden (ADA), Dresden"},"content":{"rendered":"<p><a href=\"https:\/\/www.flickr.com\/photos\/mitue\/53886083621\/in\/dateposted\/\" title=\"Dresden 017\"><img loading=\"lazy\" decoding=\"async\" src=\"https:\/\/live.staticflickr.com\/65535\/53886083621_70220e2b26.jpg\" width=\"500\" height=\"395\" alt=\"Dresden 017\"\/><\/a><\/p>\n<p><a href=\"https:\/\/www.flickr.com\/photos\/mitue\/53885066027\/in\/dateposted\/\" title=\"Dresden 009\"><img loading=\"lazy\" decoding=\"async\" src=\"https:\/\/live.staticflickr.com\/65535\/53885066027_37dbfe7aa6.jpg\" width=\"500\" height=\"333\" alt=\"Dresden 009\"\/><\/a><\/p>\n<p><a href=\"https:\/\/www.skd.museum\/besucherservice\/presse\/2024\/das-archiv-der-avantgarden-egidio-marzona-ada-ist-geoeffnet-feierlicher-festakt-im-japanischen-palais\/\">Archiv der Avantgarden<\/a><\/p>\n<p>Am 4. Mai 2024 feierte das Archiv der Avantgarden \u2013 Egidio Marzona (ADA) als neues Museum und Forschungseinrichtung Dresdens im eigens zu diesem Zweck umgestalteten Blockhaus am Fu\u00df der Augustusbr\u00fccke seine Er\u00f6ffnung.<\/p>\n<p><a href=\"https:\/\/www.flickr.com\/photos\/mitue\/53885979031\/in\/dateposted\/\" title=\"Dresden 004\"><img loading=\"lazy\" decoding=\"async\" src=\"https:\/\/live.staticflickr.com\/65535\/53885979031_1b5b25743e.jpg\" width=\"500\" height=\"500\" alt=\"Dresden 004\"\/><\/a><\/p>\n<p><a href=\"https:\/\/www.flickr.com\/photos\/mitue\/53886206388\/in\/dateposted\/\" title=\"Dresden 007\"><img loading=\"lazy\" decoding=\"async\" src=\"https:\/\/live.staticflickr.com\/65535\/53886206388_677afe435f.jpg\" width=\"500\" height=\"500\" alt=\"Dresden 007\"\/><\/a><\/p>\n<p>Auf der Forschungsplattform ist eine Arbeit von <a href=\"https:\/\/archiv-der-avantgarden.skd.museum\/ausstellungen\/erick-beltran\/\">Erick Beltr\u00e1n<\/a> zu sehen: \u201e22 Z\u00fcge durch ein Archiv der Archive: Athen mu\u00df immer wieder aus Alexandria gerettet werden\u201c.<\/p>\n<p>Als Sonderausstellung ist aktuell bis zum 1. September 2024 <a href=\"https:\/\/spectorbooks.com\/book\/archiv-der-traeume-de\">\u201eArchiv der Tr\u00e4ume. Ein surrealistischer Impuls\u201c<\/a> zu sehen.<\/p>\n","protected":false},"excerpt":{"rendered":"<p>Archiv der Avantgarden Am 4. Mai 2024 feierte das Archiv der Avantgarden \u2013 Egidio Marzona (ADA) als neues Museum und Forschungseinrichtung Dresdens im eigens zu diesem Zweck umgestalteten Blockhaus am Fu\u00df der Augustusbr\u00fccke seine Er\u00f6ffnung. Auf der Forschungsplattform ist eine Arbeit von Erick Beltr\u00e1n zu sehen: \u201e22 Z\u00fcge durch ein Archiv der Archive: Athen mu\u00df [&hellip;]<\/p>\n","protected":false},"author":1,"featured_media":0,"comment_status":"open","ping_status":"closed","sticky":false,"template":"","format":"standard","meta":{"footnotes":""},"categories":[5,7],"tags":[11,499],"class_list":["post-9657","post","type-post","status-publish","format-standard","hentry","category-ausstellungen","category-jwd","tag-architektur","tag-dresden"],"_links":{"self":[{"href":"https:\/\/mitue.de\/index.php?rest_route=\/wp\/v2\/posts\/9657","targetHints":{"allow":["GET"]}}],"collection":[{"href":"https:\/\/mitue.de\/index.php?rest_route=\/wp\/v2\/posts"}],"about":[{"href":"https:\/\/mitue.de\/index.php?rest_route=\/wp\/v2\/types\/post"}],"author":[{"embeddable":true,"href":"https:\/\/mitue.de\/index.php?rest_route=\/wp\/v2\/users\/1"}],"replies":[{"embeddable":true,"href":"https:\/\/mitue.de\/index.php?rest_route=%2Fwp%2Fv2%2Fcomments&post=9657"}],"version-history":[{"count":4,"href":"https:\/\/mitue.de\/index.php?rest_route=\/wp\/v2\/posts\/9657\/revisions"}],"predecessor-version":[{"id":9661,"href":"https:\/\/mitue.de\/index.php?rest_route=\/wp\/v2\/posts\/9657\/revisions\/9661"}],"wp:attachment":[{"href":"https:\/\/mitue.de\/index.php?rest_route=%2Fwp%2Fv2%2Fmedia&parent=9657"}],"wp:term":[{"taxonomy":"category","embeddable":true,"href":"https:\/\/mitue.de\/index.php?rest_route=%2Fwp%2Fv2%2Fcategories&post=9657"},{"taxonomy":"post_tag","embeddable":true,"href":"https:\/\/mitue.de\/index.php?rest_route=%2Fwp%2Fv2%2Ftags&post=9657"}],"curies":[{"name":"wp","href":"https:\/\/api.w.org\/{rel}","templated":true}]}}