{"id":966,"date":"2010-01-27T22:18:54","date_gmt":"2010-01-27T21:18:54","guid":{"rendered":"http:\/\/mitue.de\/?p=966"},"modified":"2010-01-27T22:20:49","modified_gmt":"2010-01-27T21:20:49","slug":"friedrich-althoff","status":"publish","type":"post","link":"https:\/\/mitue.de\/?p=966","title":{"rendered":"Friedrich Althoff"},"content":{"rendered":"<p><a title=\"Althoff von mitue bei Flickr\" href=\"http:\/\/www.flickr.com\/photos\/mitue\/4310066288\/\"><img loading=\"lazy\" decoding=\"async\" src=\"http:\/\/farm5.static.flickr.com\/4057\/4310066288_87c4aac205.jpg\" border=\"0\" alt=\"Althoff\" width=\"500\" height=\"333\" \/><\/a><br \/>\n<a href=\"http:\/\/de.wikipedia.org\/wiki\/Friedrich_Althoff\">Friedrich Althoff<\/a> (B\u00fcste von C. F. Hartzer, 1902 auf dem Charitegel\u00e4nde, Eingang Schumannstr.)<\/p>\n<blockquote><p>Althoffs Bem\u00fchungen verdankt die Charit\u00e9 in Berlin die Bewilligung der Kosten f\u00fcr ihren Neu- und Umbau an der Wende zum 20.Jahrhundert. Er schuf damit die Voraussetzungen zur erfolgreichen Weiterentwicklung der Berliner Medizinischen Fakult\u00e4t.<\/p><\/blockquote>\n<p><a title=\"Althoffs Grab von mitue bei Flickr\" href=\"http:\/\/www.flickr.com\/photos\/mitue\/4310087070\/\"><img loading=\"lazy\" decoding=\"async\" src=\"http:\/\/farm5.static.flickr.com\/4010\/4310087070_7ce9b9e2d3.jpg\" border=\"0\" alt=\"Althoffs Grab\" width=\"500\" height=\"333\" \/><\/a><br \/>\nAlthoffs Ehrengab im Botanischen Garten (<a href=\"http:\/\/de.wikipedia.org\/wiki\/Hans_Kr%C3%BCckeberg\">Hans Kr\u00fcckeberg<\/a>, 1911)<\/p>\n<blockquote><p>Friedrich Althoff vom Ministerium erteilte dem Interimsdirektor des <a href=\"http:\/\/de.wikipedia.org\/wiki\/Botanischer_Garten_und_Botanisches_Museum_Berlin-Dahlem\">Botanischen Gartens<\/a>, Ignaz Urban, den Auftrag f\u00fcr eine Verlegung des Gartens, fragliche Gel\u00e4nde auf der Feldmark um Berlin zu untersuchen und zu bewerten. Mit der 41 Hektar gro\u00dfen Feldmark der K\u00f6niglichen Dom\u00e4ne Dahlem, bis dahin Kartoffelacker, ermittelte Urban ein in jeder Hinsicht geeignetes Gel\u00e4nde.<\/p><\/blockquote>\n","protected":false},"excerpt":{"rendered":"<p>Friedrich Althoff (B\u00fcste von C. F. Hartzer, 1902 auf dem Charitegel\u00e4nde, Eingang Schumannstr.) Althoffs Bem\u00fchungen verdankt die Charit\u00e9 in Berlin die Bewilligung der Kosten f\u00fcr ihren Neu- und Umbau an der Wende zum 20.Jahrhundert. Er schuf damit die Voraussetzungen zur erfolgreichen Weiterentwicklung der Berliner Medizinischen Fakult\u00e4t. Althoffs Ehrengab im Botanischen Garten (Hans Kr\u00fcckeberg, 1911) Friedrich [&hellip;]<\/p>\n","protected":false},"author":1,"featured_media":0,"comment_status":"open","ping_status":"open","sticky":false,"template":"","format":"standard","meta":{"footnotes":""},"categories":[4],"tags":[25,234],"class_list":["post-966","post","type-post","status-publish","format-standard","hentry","category-berlin","tag-buste","tag-grabmal"],"_links":{"self":[{"href":"https:\/\/mitue.de\/index.php?rest_route=\/wp\/v2\/posts\/966","targetHints":{"allow":["GET"]}}],"collection":[{"href":"https:\/\/mitue.de\/index.php?rest_route=\/wp\/v2\/posts"}],"about":[{"href":"https:\/\/mitue.de\/index.php?rest_route=\/wp\/v2\/types\/post"}],"author":[{"embeddable":true,"href":"https:\/\/mitue.de\/index.php?rest_route=\/wp\/v2\/users\/1"}],"replies":[{"embeddable":true,"href":"https:\/\/mitue.de\/index.php?rest_route=%2Fwp%2Fv2%2Fcomments&post=966"}],"version-history":[{"count":2,"href":"https:\/\/mitue.de\/index.php?rest_route=\/wp\/v2\/posts\/966\/revisions"}],"predecessor-version":[{"id":968,"href":"https:\/\/mitue.de\/index.php?rest_route=\/wp\/v2\/posts\/966\/revisions\/968"}],"wp:attachment":[{"href":"https:\/\/mitue.de\/index.php?rest_route=%2Fwp%2Fv2%2Fmedia&parent=966"}],"wp:term":[{"taxonomy":"category","embeddable":true,"href":"https:\/\/mitue.de\/index.php?rest_route=%2Fwp%2Fv2%2Fcategories&post=966"},{"taxonomy":"post_tag","embeddable":true,"href":"https:\/\/mitue.de\/index.php?rest_route=%2Fwp%2Fv2%2Ftags&post=966"}],"curies":[{"name":"wp","href":"https:\/\/api.w.org\/{rel}","templated":true}]}}