{"id":9763,"date":"2024-10-09T15:19:54","date_gmt":"2024-10-09T14:19:54","guid":{"rendered":"https:\/\/mitue.de\/?p=9763"},"modified":"2024-10-09T15:19:54","modified_gmt":"2024-10-09T14:19:54","slug":"baselitz-im-atelier","status":"publish","type":"post","link":"https:\/\/mitue.de\/?p=9763","title":{"rendered":"Baselitz im Atelier"},"content":{"rendered":"<p>In den weitl\u00e4ufigen Park von Schloss Derneburg hat sich Baselitz ein Ateliergeb\u00e4ude bauen lassen. Aktuell ist dort die Ausstellung \u201e<a href=\"http:\/\/www.hallartfoundation.org\/de\/exhibition\/baselitz-in-the-studio\/information\">Baselitz im Atelier<\/a>\u201c zu sehen.<\/p>\n<p><a href=\"https:\/\/www.flickr.com\/photos\/mitue\/54047324355\/in\/dateposted\/\" title=\"Hildesheim 032\"><img loading=\"lazy\" decoding=\"async\" src=\"https:\/\/live.staticflickr.com\/65535\/54047324355_4e9d72cea5.jpg\" width=\"500\" height=\"333\" alt=\"Hildesheim 032\"\/><\/a><\/p>\n<p><a href=\"https:\/\/www.flickr.com\/photos\/mitue\/54052318546\/in\/dateposted\/\" title=\"Atelier Baselitz\"><img loading=\"lazy\" decoding=\"async\" src=\"https:\/\/live.staticflickr.com\/65535\/54052318546_ea886ffe69.jpg\" width=\"500\" height=\"333\" alt=\"Atelier Baselitz\"\/><\/a><\/p>\n<blockquote><p>Baselitz im Atelier umfasst rund zwei Dutzend Gem\u00e4lde und eine Skulptur, die zu den letzten Arbeiten des K\u00fcnstlers geh\u00f6ren, die dort in den letzten f\u00fcnf, sechs Jahren vor dem Verkauf von Schloss Derneburg fertiggestellt wurden. Die Arbeiten werden dort ausgestellt, wo sie entstanden sind, im sogenannten \u201eNeuen Atelier\u201c, einem von Steib+Steib Architekten aus Basel entworfenen Geb\u00e4ude, das Baselitz Mitte der 1990er Jahre in Auftrag gab und das sich im Park neben dem historischen Schlossgeb\u00e4ude befindet. W\u00e4hrend Baselitz Ateliers und Werkst\u00e4tten in verschiedenen Teilen des Schlosses unterhielt, wurde das neue Geb\u00e4ude f\u00fcr die n\u00e4chsten zehn Jahre zu Baselitz&#8216; Hauptatelier f\u00fcr Malerei und Bildhauerei. Nun wurde es zum Ausstellungsraum f\u00fcr das Kunstmuseum Schloss Derneburg umfunktioniert. Die Hall und Hall Art Foundation Sammlungen umfassen \u00fcber 400 Gem\u00e4lde, Skulpturen, Arbeiten auf Papier und Druckgraphiken von Baselitz, die sein sechzigj\u00e4hriges Schaffen umfassen.<\/p><\/blockquote>\n<p><a href=\"https:\/\/www.flickr.com\/photos\/mitue\/54054901584\/in\/dateposted\/\" title=\"Hildesheim 080\"><img loading=\"lazy\" decoding=\"async\" src=\"https:\/\/live.staticflickr.com\/65535\/54054901584_14d2e7b423.jpg\" width=\"500\" height=\"336\" alt=\"Hildesheim 080\"\/><\/a><\/p>\n<blockquote><p>Die Darstellung eines Beinfragments, insbesondere eines Fu\u00dfes (manchmal in einem Schuh), ist seit den 1960er Jahren ein wichtiges Element in Baselitz&#8216; Bildern und kann oft als Selbstreferenz interpretiert werden. Lagerplatz (1998-2005) zeigt ein Paar umgedrehter und abgetrennter Beine, die in einem abstrakten Farbfeld schweben, und auch in der Skulptur Pace Piece (2003) verwendet Baselitz das Bild eines Beins und Fu\u00dfes. Mehrere von Baselitz&#8216; \u201eFu\u00df\u201c-Gem\u00e4lden und -Skulpturen entstanden in direkter Reaktion auf eine Fotografie des <a href=\"https:\/\/www.youtube.com\/watch?v=bbh1pZ-Qjmw\">K\u00fcnstlers Edvard Munch<\/a>, auf der der \u00e4ltere K\u00fcnstler auf einem Stuhl in seinem Atelier sitzt. Auf diesem Foto ist Munchs K\u00f6rper unterhalb der Knie abgeschnitten. Es ist dieser imaginierte Teil von Munchs K\u00f6rper, den Baselitz in seine eigenen Kompositionen einzubeziehen begann.<\/p><\/blockquote>\n<p><a href=\"https:\/\/www.flickr.com\/photos\/mitue\/54055028210\/in\/photostream\/\" title=\"Hildesheim 082\"><img loading=\"lazy\" decoding=\"async\" src=\"https:\/\/live.staticflickr.com\/65535\/54055028210_6360008d71.jpg\" width=\"500\" height=\"316\" alt=\"Hildesheim 082\"\/><\/a><\/p>\n","protected":false},"excerpt":{"rendered":"<p>In den weitl\u00e4ufigen Park von Schloss Derneburg hat sich Baselitz ein Ateliergeb\u00e4ude bauen lassen. Aktuell ist dort die Ausstellung \u201eBaselitz im Atelier\u201c zu sehen. Baselitz im Atelier umfasst rund zwei Dutzend Gem\u00e4lde und eine Skulptur, die zu den letzten Arbeiten des K\u00fcnstlers geh\u00f6ren, die dort in den letzten f\u00fcnf, sechs Jahren vor dem Verkauf von [&hellip;]<\/p>\n","protected":false},"author":1,"featured_media":0,"comment_status":"open","ping_status":"closed","sticky":false,"template":"","format":"standard","meta":{"footnotes":""},"categories":[5,7],"tags":[211],"class_list":["post-9763","post","type-post","status-publish","format-standard","hentry","category-ausstellungen","category-jwd","tag-georg-baselitz"],"_links":{"self":[{"href":"https:\/\/mitue.de\/index.php?rest_route=\/wp\/v2\/posts\/9763","targetHints":{"allow":["GET"]}}],"collection":[{"href":"https:\/\/mitue.de\/index.php?rest_route=\/wp\/v2\/posts"}],"about":[{"href":"https:\/\/mitue.de\/index.php?rest_route=\/wp\/v2\/types\/post"}],"author":[{"embeddable":true,"href":"https:\/\/mitue.de\/index.php?rest_route=\/wp\/v2\/users\/1"}],"replies":[{"embeddable":true,"href":"https:\/\/mitue.de\/index.php?rest_route=%2Fwp%2Fv2%2Fcomments&post=9763"}],"version-history":[{"count":3,"href":"https:\/\/mitue.de\/index.php?rest_route=\/wp\/v2\/posts\/9763\/revisions"}],"predecessor-version":[{"id":9766,"href":"https:\/\/mitue.de\/index.php?rest_route=\/wp\/v2\/posts\/9763\/revisions\/9766"}],"wp:attachment":[{"href":"https:\/\/mitue.de\/index.php?rest_route=%2Fwp%2Fv2%2Fmedia&parent=9763"}],"wp:term":[{"taxonomy":"category","embeddable":true,"href":"https:\/\/mitue.de\/index.php?rest_route=%2Fwp%2Fv2%2Fcategories&post=9763"},{"taxonomy":"post_tag","embeddable":true,"href":"https:\/\/mitue.de\/index.php?rest_route=%2Fwp%2Fv2%2Ftags&post=9763"}],"curies":[{"name":"wp","href":"https:\/\/api.w.org\/{rel}","templated":true}]}}