{"id":9830,"date":"2024-12-28T18:50:51","date_gmt":"2024-12-28T17:50:51","guid":{"rendered":"https:\/\/mitue.de\/?p=9830"},"modified":"2024-12-28T18:53:13","modified_gmt":"2024-12-28T17:53:13","slug":"boese-blumen","status":"publish","type":"post","link":"https:\/\/mitue.de\/?p=9830","title":{"rendered":"B\u00f6se Blumen"},"content":{"rendered":"<p><a href=\"https:\/\/www.flickr.com\/photos\/mitue\/54232341044\/in\/dateposted\/\" title=\"Baudelaire1\"><img loading=\"lazy\" decoding=\"async\" src=\"https:\/\/live.staticflickr.com\/65535\/54232341044_38da1f211e.jpg\" width=\"500\" height=\"500\" alt=\"Baudelaire1\"\/><\/a><\/p>\n<p><a href=\"https:\/\/www.smb.museum\/ausstellungen\/detail\/boese-blumen\/\">Die Blumen des B\u00f6sen in der Sammlung Scharf-Gerstenberg<\/a>: Schrecklich und sch\u00f6n zugleich (<a href=\"https:\/\/www.tagesspiegel.de\/kultur\/blumen-des-bosen-in-der-sammlung-scharf-gerstenberg-schrecklich-un-dschon-zugleich-12925135.html\">Tagesspiegel<\/a>)<\/p>\n<p><a href=\"https:\/\/www.flickr.com\/photos\/mitue\/54232331128\/in\/dateposted\/\" title=\"Pflanze Nr. VIII\"><img loading=\"lazy\" decoding=\"async\" src=\"https:\/\/live.staticflickr.com\/65535\/54232331128_3008daa784.jpg\" width=\"328\" height=\"500\" alt=\"Pflanze Nr. VIII\"\/><\/a><br \/>\nGernot Bubenik<\/p>\n<p><a href=\"https:\/\/www.flickr.com\/photos\/mitue\/54232508155\/in\/dateposted\/\" title=\"Baumst\u00e4mme\"><img loading=\"lazy\" decoding=\"async\" src=\"https:\/\/live.staticflickr.com\/65535\/54232508155_2c8390f2c0.jpg\" width=\"370\" height=\"500\" alt=\"Baumst\u00e4mme\"\/><\/a><br \/>\nFernand L\u00e9ger<\/p>\n<p><a href=\"https:\/\/www.flickr.com\/photos\/mitue\/54232331228\/in\/dateposted\/\" title=\"I like flowers (Cactus 2)\"><img loading=\"lazy\" decoding=\"async\" src=\"https:\/\/live.staticflickr.com\/65535\/54232331228_0877720aea.jpg\" width=\"500\" height=\"497\" alt=\"I like flowers (Cactus 2)\"\/><\/a><br \/>\nJulius von Bismarck<\/p>\n<p>Irritierte Flora (<a href=\"https:\/\/www.rbb24.de\/kultur\/beitrag\/2024\/12\/ausstellung-boese-blumen-sammlung-scharf-gerstenberg-berlin.html\">rbb<\/a>)<\/p>\n","protected":false},"excerpt":{"rendered":"<p>Die Blumen des B\u00f6sen in der Sammlung Scharf-Gerstenberg: Schrecklich und sch\u00f6n zugleich (Tagesspiegel) Gernot Bubenik Fernand L\u00e9ger Julius von Bismarck Irritierte Flora (rbb)<\/p>\n","protected":false},"author":1,"featured_media":0,"comment_status":"open","ping_status":"closed","sticky":false,"template":"","format":"standard","meta":{"footnotes":""},"categories":[5],"tags":[780],"class_list":["post-9830","post","type-post","status-publish","format-standard","hentry","category-ausstellungen","tag-sammlung-scharf-gerstenberg"],"_links":{"self":[{"href":"https:\/\/mitue.de\/index.php?rest_route=\/wp\/v2\/posts\/9830","targetHints":{"allow":["GET"]}}],"collection":[{"href":"https:\/\/mitue.de\/index.php?rest_route=\/wp\/v2\/posts"}],"about":[{"href":"https:\/\/mitue.de\/index.php?rest_route=\/wp\/v2\/types\/post"}],"author":[{"embeddable":true,"href":"https:\/\/mitue.de\/index.php?rest_route=\/wp\/v2\/users\/1"}],"replies":[{"embeddable":true,"href":"https:\/\/mitue.de\/index.php?rest_route=%2Fwp%2Fv2%2Fcomments&post=9830"}],"version-history":[{"count":3,"href":"https:\/\/mitue.de\/index.php?rest_route=\/wp\/v2\/posts\/9830\/revisions"}],"predecessor-version":[{"id":9833,"href":"https:\/\/mitue.de\/index.php?rest_route=\/wp\/v2\/posts\/9830\/revisions\/9833"}],"wp:attachment":[{"href":"https:\/\/mitue.de\/index.php?rest_route=%2Fwp%2Fv2%2Fmedia&parent=9830"}],"wp:term":[{"taxonomy":"category","embeddable":true,"href":"https:\/\/mitue.de\/index.php?rest_route=%2Fwp%2Fv2%2Fcategories&post=9830"},{"taxonomy":"post_tag","embeddable":true,"href":"https:\/\/mitue.de\/index.php?rest_route=%2Fwp%2Fv2%2Ftags&post=9830"}],"curies":[{"name":"wp","href":"https:\/\/api.w.org\/{rel}","templated":true}]}}