{"id":9892,"date":"2025-02-28T11:12:46","date_gmt":"2025-02-28T10:12:46","guid":{"rendered":"https:\/\/mitue.de\/?p=9892"},"modified":"2025-02-28T11:30:34","modified_gmt":"2025-02-28T10:30:34","slug":"kunstverein-braunschweig","status":"publish","type":"post","link":"https:\/\/mitue.de\/?p=9892","title":{"rendered":"Kunstverein Braunschweig"},"content":{"rendered":"<p><a href=\"https:\/\/de.wikipedia.org\/wiki\/Villa_Salve_Hospes\">Villa Salve Hospes<\/a><\/p>\n<p><a href=\"https:\/\/www.flickr.com\/photos\/mitue\/54354221060\/in\/dateposted\/\" title=\"BRS 058\"><img loading=\"lazy\" decoding=\"async\" src=\"https:\/\/live.staticflickr.com\/65535\/54354221060_b3ed5e800c.jpg\" width=\"500\" height=\"500\" alt=\"BRS 058\"\/><\/a><\/p>\n<p><a href=\"https:\/\/www.flickr.com\/photos\/mitue\/54354037623\/in\/dateposted\/\" title=\"BRS 059\"><img loading=\"lazy\" decoding=\"async\" src=\"https:\/\/live.staticflickr.com\/65535\/54354037623_55b54c0ef7.jpg\" width=\"500\" height=\"471\" alt=\"BRS 059\"\/><\/a><\/p>\n<p><a href=\"https:\/\/www.flickr.com\/photos\/mitue\/54354016204\/in\/dateposted\/\" title=\"BRS 063\"><img loading=\"lazy\" decoding=\"async\" src=\"https:\/\/live.staticflickr.com\/65535\/54354016204_076b7c3344.jpg\" width=\"500\" height=\"500\" alt=\"BRS 063\"\/><\/a><\/p>\n<p><a href=\"https:\/\/www.flickr.com\/photos\/mitue\/54353814511\/in\/dateposted\/\" title=\"BRS 060\"><img loading=\"lazy\" decoding=\"async\" src=\"https:\/\/live.staticflickr.com\/65535\/54353814511_1763335616.jpg\" width=\"500\" height=\"500\" alt=\"BRS 060\"\/><\/a><\/p>\n<p>Aktuelle Ausstellung: <a href=\"https:\/\/kunstvereinbraunschweig.de\/exhibitions\/mirage\/#slide-1\">Mirage<\/a> mit Arbeiten von Gleb Amankulov<\/p>\n<blockquote><p>F\u00fcr seinen Beitrag zu Mirage reiste der K\u00fcnstler bereits Monate vor der Ausstellungser\u00f6ffnung nach Braunschweig, um den Kunstverein und insbesondere das Geb\u00e4ude genau kennen zu lernen. Die intensive Auseinandersetzung mit den Ausstellungsorten ist ein zentraler Bestandteil seiner k\u00fcnstlerischen Praxis.<br \/>\nAuf der Suche nach Alltagsgegenst\u00e4nden, M\u00f6belst\u00fccken oder Objekten des Interior Designs durchstreift der K\u00fcnstler die Umgebung, ebenso wie die Ausstellungsr\u00e4ume selbst, in denen er seine Werke pr\u00e4sentiert.<br \/>\nDiese Fundst\u00fccke integriert er in seine raumgreifenden Installationen, wodurch der spezifische Kontext des Ortes in seine Arbeit einflie\u00dft. Seine Assemblagen werden eigens f\u00fcr die jeweilige Ausstellung geschaffen und bestehen nur f\u00fcr deren Dauer. Nach dem Ende der Pr\u00e4sentation kehren die einzelnen Objekte an ihren urspr\u00fcnglichen Ort oder zu ihren Besitzer_innen zur\u00fcck. F\u00fcr Mirage erkundete Amankulov die gesamte Villa Salve Hospes sowie die Remisen und wurde schlie\u00dflich auf dem Dachboden des Hauses f\u00fcndig.<br \/>\n(Text von Cathrin Mayer aus dem Begleitheft zur Ausstellung)<\/p><\/blockquote>\n<p><a href=\"https:\/\/www.flickr.com\/photos\/mitue\/54354220950\/in\/dateposted\/\" title=\"BRS 061\"><img loading=\"lazy\" decoding=\"async\" src=\"https:\/\/live.staticflickr.com\/65535\/54354220950_8fc5ff2fa4.jpg\" width=\"500\" height=\"500\" alt=\"BRS 061\"\/><\/a><\/p>\n<p><a href=\"https:\/\/www.flickr.com\/photos\/mitue\/54352928882\/in\/dateposted\/\" title=\"BRS 062\"><img loading=\"lazy\" decoding=\"async\" src=\"https:\/\/live.staticflickr.com\/65535\/54352928882_87c70f7975.jpg\" width=\"500\" height=\"500\" alt=\"BRS 062\"\/><\/a><\/p>\n","protected":false},"excerpt":{"rendered":"<p>Villa Salve Hospes Aktuelle Ausstellung: Mirage mit Arbeiten von Gleb Amankulov F\u00fcr seinen Beitrag zu Mirage reiste der K\u00fcnstler bereits Monate vor der Ausstellungser\u00f6ffnung nach Braunschweig, um den Kunstverein und insbesondere das Geb\u00e4ude genau kennen zu lernen. Die intensive Auseinandersetzung mit den Ausstellungsorten ist ein zentraler Bestandteil seiner k\u00fcnstlerischen Praxis. Auf der Suche nach Alltagsgegenst\u00e4nden, [&hellip;]<\/p>\n","protected":false},"author":1,"featured_media":0,"comment_status":"open","ping_status":"closed","sticky":false,"template":"","format":"standard","meta":{"footnotes":""},"categories":[5,7],"tags":[781],"class_list":["post-9892","post","type-post","status-publish","format-standard","hentry","category-ausstellungen","category-jwd","tag-braunschweig"],"_links":{"self":[{"href":"https:\/\/mitue.de\/index.php?rest_route=\/wp\/v2\/posts\/9892","targetHints":{"allow":["GET"]}}],"collection":[{"href":"https:\/\/mitue.de\/index.php?rest_route=\/wp\/v2\/posts"}],"about":[{"href":"https:\/\/mitue.de\/index.php?rest_route=\/wp\/v2\/types\/post"}],"author":[{"embeddable":true,"href":"https:\/\/mitue.de\/index.php?rest_route=\/wp\/v2\/users\/1"}],"replies":[{"embeddable":true,"href":"https:\/\/mitue.de\/index.php?rest_route=%2Fwp%2Fv2%2Fcomments&post=9892"}],"version-history":[{"count":6,"href":"https:\/\/mitue.de\/index.php?rest_route=\/wp\/v2\/posts\/9892\/revisions"}],"predecessor-version":[{"id":9898,"href":"https:\/\/mitue.de\/index.php?rest_route=\/wp\/v2\/posts\/9892\/revisions\/9898"}],"wp:attachment":[{"href":"https:\/\/mitue.de\/index.php?rest_route=%2Fwp%2Fv2%2Fmedia&parent=9892"}],"wp:term":[{"taxonomy":"category","embeddable":true,"href":"https:\/\/mitue.de\/index.php?rest_route=%2Fwp%2Fv2%2Fcategories&post=9892"},{"taxonomy":"post_tag","embeddable":true,"href":"https:\/\/mitue.de\/index.php?rest_route=%2Fwp%2Fv2%2Ftags&post=9892"}],"curies":[{"name":"wp","href":"https:\/\/api.w.org\/{rel}","templated":true}]}}